{"id":208135,"date":"2022-12-22T20:10:39","date_gmt":"2022-12-22T23:10:39","guid":{"rendered":"https:\/\/diarioregionaldigital.com.br\/?p=208135"},"modified":"2022-12-22T20:10:39","modified_gmt":"2022-12-22T23:10:39","slug":"rui-costa-anuncia-dois-nomes-da-sua-equipe-na-casa-civil","status":"publish","type":"post","link":"https:\/\/diarioregionaldigital.com.br\/?p=208135","title":{"rendered":"Rui Costa anuncia dois nomes da sua equipe na Casa Civil"},"content":{"rendered":"<p>O futuro ministro-chefe da Casa Civil, Rui Costa, confirmou hoje (22) que a secretaria-executiva de sua pasta ficar\u00e1 sob a responsabilidade de Miriam Belchior. Ela foi ministra do Planejamento, Or\u00e7amento e Gest\u00e3o e presidente da Caixa Econ\u00f4mica Federal no governo de Dilma Rousseff.<img decoding=\"async\" src=\"https:\/\/agenciabrasil.ebc.com.br\/ebc.png?id=1499601&amp;o=node\" \/><img decoding=\"async\" src=\"https:\/\/agenciabrasil.ebc.com.br\/ebc.gif?id=1499601&amp;o=node\" \/><\/p>\n<p>Antes, atuou na Casa Civil, nos dois mandatos de Luiz In\u00e1cio Lula da Silva, e foi respons\u00e1vel pelo monitoramento dos projetos estrat\u00e9gicos do governo Federal e pela coordena\u00e7\u00e3o do Programa de Acelera\u00e7\u00e3o do Crescimento (PAC).<\/p>\n<p>Miriam \u00e9 mestre em Administra\u00e7\u00e3o P\u00fablica e Governo pela Funda\u00e7\u00e3o Get\u00falio Vargas. De 1997 a 2002 foi secret\u00e1ria de Administra\u00e7\u00e3o e Moderniza\u00e7\u00e3o Administrativa e posteriormente Secret\u00e1ria de Inclus\u00e3o Social e Habita\u00e7\u00e3o da Prefeitura de Santo Andr\u00e9.<\/p>\n<p>Em comunicado, a assessoria de Rui Costa tamb\u00e9m informou que o atual secret\u00e1rio de Infraestrutura da Bahia, Marcus Cavalcanti, comandar\u00e1 a Secretaria Especial do Programa de Parcerias e Investimentos (PPI). O PPI, que hoje est\u00e1 na estrutura do Minist\u00e9rio da Economia, ser\u00e1 integrado \u00e0 Casa Civil no pr\u00f3ximo governo.<\/p>\n<p>Cavalcanti \u00e9 servidor p\u00fablico efetivo da Bahia, j\u00e1 ocupou diversos cargos de chefia em secretarias e autarquias do governo baiano. Est\u00e1 \u00e0 frente da Secretaria de Infraestrutura desde 2014. Em 2010, assumiu a Superintend\u00eancia de Transportes do estado. Atualmente, tamb\u00e9m preside o Conselho de Administra\u00e7\u00e3o da Bahiag\u00e1s.<\/p>\n<p>Ele \u00e9 graduado em Engenharia Mec\u00e2nica pela Escola Polit\u00e9cnica da Universidade Federal da Bahia.<\/p>\n<p><span style=\"font-weight: 400;\">Fonte: Ag\u00eancia Brasil <\/span><\/p>\n","protected":false},"excerpt":{"rendered":"<p>O futuro ministro-chefe da Casa Civil, Rui Costa, confirmou hoje (22) que a secretaria-executiva de sua pasta ficar\u00e1 sob a responsabilidade de Miriam Belchior. Ela foi ministra do Planejamento, Or\u00e7amento e Gest\u00e3o e presidente da Caixa Econ\u00f4mica Federal no governo de Dilma Rousseff. Antes, atuou na Casa Civil, nos dois mandatos de Luiz In\u00e1cio Lula [&hellip;]<\/p>\n","protected":false},"author":246,"featured_media":208136,"comment_status":"closed","ping_status":"closed","sticky":false,"template":"","format":"standard","meta":{"footnotes":""},"categories":[436,254,439],"tags":[],"class_list":["post-208135","post","type-post","status-publish","format-standard","has-post-thumbnail","hentry","category-destaque-da-semana","category-politica","category-ultima-hora"],"_links":{"self":[{"href":"https:\/\/diarioregionaldigital.com.br\/index.php?rest_route=\/wp\/v2\/posts\/208135","targetHints":{"allow":["GET"]}}],"collection":[{"href":"https:\/\/diarioregionaldigital.com.br\/index.php?rest_route=\/wp\/v2\/posts"}],"about":[{"href":"https:\/\/diarioregionaldigital.com.br\/index.php?rest_route=\/wp\/v2\/types\/post"}],"author":[{"embeddable":true,"href":"https:\/\/diarioregionaldigital.com.br\/index.php?rest_route=\/wp\/v2\/users\/246"}],"replies":[{"embeddable":true,"href":"https:\/\/diarioregionaldigital.com.br\/index.php?rest_route=%2Fwp%2Fv2%2Fcomments&post=208135"}],"version-history":[{"count":1,"href":"https:\/\/diarioregionaldigital.com.br\/index.php?rest_route=\/wp\/v2\/posts\/208135\/revisions"}],"predecessor-version":[{"id":208137,"href":"https:\/\/diarioregionaldigital.com.br\/index.php?rest_route=\/wp\/v2\/posts\/208135\/revisions\/208137"}],"wp:featuredmedia":[{"embeddable":true,"href":"https:\/\/diarioregionaldigital.com.br\/index.php?rest_route=\/wp\/v2\/media\/208136"}],"wp:attachment":[{"href":"https:\/\/diarioregionaldigital.com.br\/index.php?rest_route=%2Fwp%2Fv2%2Fmedia&parent=208135"}],"wp:term":[{"taxonomy":"category","embeddable":true,"href":"https:\/\/diarioregionaldigital.com.br\/index.php?rest_route=%2Fwp%2Fv2%2Fcategories&post=208135"},{"taxonomy":"post_tag","embeddable":true,"href":"https:\/\/diarioregionaldigital.com.br\/index.php?rest_route=%2Fwp%2Fv2%2Ftags&post=208135"}],"curies":[{"name":"wp","href":"https:\/\/api.w.org\/{rel}","templated":true}]}}