{"id":208126,"date":"2022-12-22T19:43:02","date_gmt":"2022-12-22T22:43:02","guid":{"rendered":"https:\/\/diarioregionaldigital.com.br\/?p=208126"},"modified":"2022-12-22T19:43:02","modified_gmt":"2022-12-22T22:43:02","slug":"receita-abre-consulta-a-lote-residual-do-imposto-de-renda-2","status":"publish","type":"post","link":"https:\/\/diarioregionaldigital.com.br\/?p=208126","title":{"rendered":"Receita abre consulta a lote residual do Imposto de Renda"},"content":{"rendered":"<p>A Receita Federal abriu, hoje (22), consulta ao lote residual de restitui\u00e7\u00e3o do Imposto de Renda Pessoa F\u00edsica (IRPF) de dezembro de 2022. O cr\u00e9dito ser\u00e1 feito no dia 29 de dezembro para mais de 488.637 contribuintes.<img decoding=\"async\" src=\"https:\/\/agenciabrasil.ebc.com.br\/ebc.png?id=1499545&amp;o=node\" \/><img decoding=\"async\" src=\"https:\/\/agenciabrasil.ebc.com.br\/ebc.gif?id=1499545&amp;o=node\" \/><\/p>\n<p>Neste lote, o valor das restitui\u00e7\u00f5es \u00e9 de mais de R$ 903,37 milh\u00f5es. Os lotes residuais s\u00e3o de contribuintes que ca\u00edram na malha fina e regularizaram as pend\u00eancias. O valor da restitui\u00e7\u00e3o \u00e9 atualizado pela taxa Selic a partir do m\u00eas seguinte ao prazo final de entrega da declara\u00e7\u00e3o at\u00e9 o m\u00eas anterior ao pagamento, mais 1% no m\u00eas do dep\u00f3sito.<\/p>\n<p>Do total, R$ 235,61 milh\u00f5es ser\u00e3o destinados a contribuintes com prioridade: 4.613 idosos acima de 80 anos, 31.743 entre 60 e 79 anos, 3.718 com alguma defici\u00eancia f\u00edsica, mental ou mol\u00e9stia grave e 11.433 contribuintes cuja maior fonte de renda seja o magist\u00e9rio. Foram contemplados ainda 437.130 contribuintes n\u00e3o priorit\u00e1rios.<\/p>\n<p>Para saber se teve a declara\u00e7\u00e3o liberada, o contribuinte deve acessar a\u00a0<a href=\"https:\/\/www.gov.br\/receitafederal\/pt-br\" target=\"_blank\" rel=\"noopener\">p\u00e1gina da Receita\u00a0<\/a>na internet, clicar em &#8220;Meu Imposto de Renda&#8221; e, em seguida, em &#8220;Consultar a Restitui\u00e7\u00e3o&#8221;. No servi\u00e7o Portal e-CAC, tamb\u00e9m \u00e9 poss\u00edvel verificar o extrato da declara\u00e7\u00e3o.<\/p>\n<p>A Receita disponibiliza ainda aplicativo para<em>\u00a0tablets<\/em>\u00a0e\u00a0<em>smartphones<\/em>, para consulta \u00e0 declara\u00e7\u00e3o e \u00e0 situa\u00e7\u00e3o cadastral no CPF. Com o aplicativo, \u00e9 poss\u00edvel verificar diretamente nas bases da Receita Federal informa\u00e7\u00f5es sobre a libera\u00e7\u00e3o das restitui\u00e7\u00f5es.<\/p>\n<h2>Como resgatar<\/h2>\n<p>O pagamento da restitui\u00e7\u00e3o \u00e9 feito diretamente na conta banc\u00e1ria informada pelo contribuinte na declara\u00e7\u00e3o, de forma direta ou por indica\u00e7\u00e3o de chave Pix. Se, por algum motivo, o cr\u00e9dito n\u00e3o for realizado (se, por exemplo, a conta foi desativada), os valores ficar\u00e3o dispon\u00edveis para resgate por at\u00e9 um ano no Banco do Brasil.<\/p>\n<p>Nesse caso, o cidad\u00e3o pode reagendar o cr\u00e9dito dos valores, em seu nome, pelo Portal BB, acessando o endere\u00e7o\u00a0<a href=\"http:\/\/www.bb.com.br\/irpf\" target=\"_blank\" rel=\"noopener\">www.bb.com.br\/irpf<\/a>, ou ligando para a Central de Relacionamento BB por meio dos telefones 4004-0001 (capitais), 0800-729-0001 (demais localidades) e 0800-729-0088 (telefone especial exclusivo para deficientes auditivos).<\/p>\n<p>Caso o contribuinte n\u00e3o resgate o valor de sua restitui\u00e7\u00e3o no prazo de um ano, deve requer\u00ea-lo pelo Portal e-CAC, dispon\u00edvel no\u00a0<em>site<\/em>\u00a0da Receita Federal, acessando o menu Declara\u00e7\u00f5es e Demonstrativos &#8211; Meu Imposto de Renda e clicando em \u201cSolicitar restitui\u00e7\u00e3o n\u00e3o resgatada na rede banc\u00e1ria&#8221;.<\/p>\n<p><span style=\"font-weight: 400;\"><br \/>\n<\/span><span style=\"font-weight: 400;\">Fonte: Ag\u00eancia Brasil <\/span><\/p>\n","protected":false},"excerpt":{"rendered":"<p>A Receita Federal abriu, hoje (22), consulta ao lote residual de restitui\u00e7\u00e3o do Imposto de Renda Pessoa F\u00edsica (IRPF) de dezembro de 2022. O cr\u00e9dito ser\u00e1 feito no dia 29 de dezembro para mais de 488.637 contribuintes. Neste lote, o valor das restitui\u00e7\u00f5es \u00e9 de mais de R$ 903,37 milh\u00f5es. Os lotes residuais s\u00e3o de [&hellip;]<\/p>\n","protected":false},"author":246,"featured_media":208127,"comment_status":"closed","ping_status":"closed","sticky":false,"template":"","format":"standard","meta":{"footnotes":""},"categories":[436,261,439],"tags":[],"class_list":["post-208126","post","type-post","status-publish","format-standard","has-post-thumbnail","hentry","category-destaque-da-semana","category-economia","category-ultima-hora"],"_links":{"self":[{"href":"https:\/\/diarioregionaldigital.com.br\/index.php?rest_route=\/wp\/v2\/posts\/208126","targetHints":{"allow":["GET"]}}],"collection":[{"href":"https:\/\/diarioregionaldigital.com.br\/index.php?rest_route=\/wp\/v2\/posts"}],"about":[{"href":"https:\/\/diarioregionaldigital.com.br\/index.php?rest_route=\/wp\/v2\/types\/post"}],"author":[{"embeddable":true,"href":"https:\/\/diarioregionaldigital.com.br\/index.php?rest_route=\/wp\/v2\/users\/246"}],"replies":[{"embeddable":true,"href":"https:\/\/diarioregionaldigital.com.br\/index.php?rest_route=%2Fwp%2Fv2%2Fcomments&post=208126"}],"version-history":[{"count":1,"href":"https:\/\/diarioregionaldigital.com.br\/index.php?rest_route=\/wp\/v2\/posts\/208126\/revisions"}],"predecessor-version":[{"id":208128,"href":"https:\/\/diarioregionaldigital.com.br\/index.php?rest_route=\/wp\/v2\/posts\/208126\/revisions\/208128"}],"wp:featuredmedia":[{"embeddable":true,"href":"https:\/\/diarioregionaldigital.com.br\/index.php?rest_route=\/wp\/v2\/media\/208127"}],"wp:attachment":[{"href":"https:\/\/diarioregionaldigital.com.br\/index.php?rest_route=%2Fwp%2Fv2%2Fmedia&parent=208126"}],"wp:term":[{"taxonomy":"category","embeddable":true,"href":"https:\/\/diarioregionaldigital.com.br\/index.php?rest_route=%2Fwp%2Fv2%2Fcategories&post=208126"},{"taxonomy":"post_tag","embeddable":true,"href":"https:\/\/diarioregionaldigital.com.br\/index.php?rest_route=%2Fwp%2Fv2%2Ftags&post=208126"}],"curies":[{"name":"wp","href":"https:\/\/api.w.org\/{rel}","templated":true}]}}