{"id":208119,"date":"2022-12-22T19:25:15","date_gmt":"2022-12-22T22:25:15","guid":{"rendered":"https:\/\/diarioregionaldigital.com.br\/?p=208119"},"modified":"2022-12-22T19:25:15","modified_gmt":"2022-12-22T22:25:15","slug":"metro-de-bh-e-concedido-a-iniciativa-privada-por-r-257-milhoes","status":"publish","type":"post","link":"https:\/\/diarioregionaldigital.com.br\/?p=208119","title":{"rendered":"Metr\u00f4 de BH \u00e9 concedido \u00e0 iniciativa privada por R$ 25,7 milh\u00f5es"},"content":{"rendered":"<p>O Metr\u00f4 de Belo Horizonte (MG) foi concedido hoje (22) \u00e0 iniciativa privada em leil\u00e3o realizado na B3. A Comporte Participa\u00e7\u00f5es, \u00fanica empresa a fazer ofertas, pagou 33% mais do que o pre\u00e7o inicial de R$ 19,3 milh\u00f5es, arrematando a empresa por R$ 25,7 milh\u00f5es.<img decoding=\"async\" src=\"https:\/\/agenciabrasil.ebc.com.br\/ebc.png?id=1499603&amp;o=node\" \/><img decoding=\"async\" src=\"https:\/\/agenciabrasil.ebc.com.br\/ebc.gif?id=1499603&amp;o=node\" \/><\/p>\n<p>O contrato tem dura\u00e7\u00e3o de 30 anos e prev\u00ea a moderniza\u00e7\u00e3o e amplia\u00e7\u00e3o da Linha 1 e a conclus\u00e3o das obras da Linha 2, e a opera\u00e7\u00e3o dos servi\u00e7os de transporte de passageiros. O estudo que embasou a privatiza\u00e7\u00e3o, feito pelo Banco Nacional de Desenvolvimento Econ\u00f4mico e Social (BNDES), aponta para a necessidade de R$ 3,7 bilh\u00f5es em investimentos, sendo que R$ 3,2 bilh\u00f5es ser\u00e3o disponibilizados pelos governos federal (R$ 2,8 bilh\u00f5es) e estadual (R$ 440 milh\u00f5es).<\/p>\n<p>Utilizam o sistema de metr\u00f4 da capital mineira cerca de 210 mil pessoas por dia. Com a constru\u00e7\u00e3o da Linha 2 a previs\u00e3o \u00e9 que mais 50 mil passageiros passem a usar o sistema diariamente.<\/p>\n<p>A empresa vencedora da concess\u00e3o, a Comporte Participa\u00e7\u00f5es, tem controle e participa\u00e7\u00e3o em diversas empresas de \u00f4nibus rodovi\u00e1rio e urbano no pa\u00eds.<\/p>\n<p><span style=\"font-weight: 400;\">Fonte: Ag\u00eancia Brasil <\/span><\/p>\n","protected":false},"excerpt":{"rendered":"<p>O Metr\u00f4 de Belo Horizonte (MG) foi concedido hoje (22) \u00e0 iniciativa privada em leil\u00e3o realizado na B3. A Comporte Participa\u00e7\u00f5es, \u00fanica empresa a fazer ofertas, pagou 33% mais do que o pre\u00e7o inicial de R$ 19,3 milh\u00f5es, arrematando a empresa por R$ 25,7 milh\u00f5es. O contrato tem dura\u00e7\u00e3o de 30 anos e prev\u00ea a [&hellip;]<\/p>\n","protected":false},"author":246,"featured_media":208120,"comment_status":"closed","ping_status":"closed","sticky":false,"template":"","format":"standard","meta":{"footnotes":""},"categories":[436,261,439],"tags":[],"class_list":["post-208119","post","type-post","status-publish","format-standard","has-post-thumbnail","hentry","category-destaque-da-semana","category-economia","category-ultima-hora"],"_links":{"self":[{"href":"https:\/\/diarioregionaldigital.com.br\/index.php?rest_route=\/wp\/v2\/posts\/208119","targetHints":{"allow":["GET"]}}],"collection":[{"href":"https:\/\/diarioregionaldigital.com.br\/index.php?rest_route=\/wp\/v2\/posts"}],"about":[{"href":"https:\/\/diarioregionaldigital.com.br\/index.php?rest_route=\/wp\/v2\/types\/post"}],"author":[{"embeddable":true,"href":"https:\/\/diarioregionaldigital.com.br\/index.php?rest_route=\/wp\/v2\/users\/246"}],"replies":[{"embeddable":true,"href":"https:\/\/diarioregionaldigital.com.br\/index.php?rest_route=%2Fwp%2Fv2%2Fcomments&post=208119"}],"version-history":[{"count":1,"href":"https:\/\/diarioregionaldigital.com.br\/index.php?rest_route=\/wp\/v2\/posts\/208119\/revisions"}],"predecessor-version":[{"id":208121,"href":"https:\/\/diarioregionaldigital.com.br\/index.php?rest_route=\/wp\/v2\/posts\/208119\/revisions\/208121"}],"wp:featuredmedia":[{"embeddable":true,"href":"https:\/\/diarioregionaldigital.com.br\/index.php?rest_route=\/wp\/v2\/media\/208120"}],"wp:attachment":[{"href":"https:\/\/diarioregionaldigital.com.br\/index.php?rest_route=%2Fwp%2Fv2%2Fmedia&parent=208119"}],"wp:term":[{"taxonomy":"category","embeddable":true,"href":"https:\/\/diarioregionaldigital.com.br\/index.php?rest_route=%2Fwp%2Fv2%2Fcategories&post=208119"},{"taxonomy":"post_tag","embeddable":true,"href":"https:\/\/diarioregionaldigital.com.br\/index.php?rest_route=%2Fwp%2Fv2%2Ftags&post=208119"}],"curies":[{"name":"wp","href":"https:\/\/api.w.org\/{rel}","templated":true}]}}