{"id":208104,"date":"2022-12-22T06:36:05","date_gmt":"2022-12-22T09:36:05","guid":{"rendered":"https:\/\/diarioregionaldigital.com.br\/?p=208104"},"modified":"2022-12-22T06:36:05","modified_gmt":"2022-12-22T09:36:05","slug":"programa-boniteza-realiza-149-intervencoes-nesta-quarta-21","status":"publish","type":"post","link":"https:\/\/diarioregionaldigital.com.br\/?p=208104","title":{"rendered":"Programa Boniteza realiza 149 interven\u00e7\u00f5es nesta quarta, 21"},"content":{"rendered":"<p>Segundo informa\u00e7\u00f5es do site da Prefeitura de Juiz de Fora (PJF), o\u00a0Programa Boniteza da Prefeitura de Juiz de Fora (PJF) opera em 149 interven\u00e7\u00f5es nesta quarta-feira, 21.<\/p>\n<p>&nbsp;<\/p>\n<p><strong>Obras<\/strong><\/p>\n<p>&nbsp;<\/p>\n<p>Os Departamentos de Opera\u00e7\u00e3o e Manuten\u00e7\u00e3o em Obras (Domo) e de Estradas Vicinais da Secretaria de Obras t\u00eam previstas 31 a\u00e7\u00f5es.<\/p>\n<p>&nbsp;<\/p>\n<p><strong>Interven\u00e7\u00f5es em continuidade:<\/strong><\/p>\n<p>&#8211; Execu\u00e7\u00e3o de rede de drenagem &#8211; Rua Fernando Lamarca &#8211; Distrito<\/p>\n<p>&#8211; Enroncamento na cabeceira da ponte &#8211; Avenida Francisco Valadares &#8211; Vila Ideal<\/p>\n<p>&#8211;\u00a0Coloca\u00e7\u00e3o de grade de concreto em canaletas &#8211; Rua S\u00e3o Jo\u00e3o &#8211; Centro<\/p>\n<p>&#8211; Constru\u00e7\u00e3o de boca de lobo &#8211; Rua J\u00falio Dion\u00edsio Cardoso<\/p>\n<p>&#8211;\u00a0Coloca\u00e7\u00e3o de grade e tampa em boca de lobo &#8211; Rua Jos\u00e9 Joaquim Sobreira &#8211; Filgueiras<\/p>\n<p>&#8211;\u00a0Coloca\u00e7\u00e3o de grade e tampa em boca de lobo &#8211; Rua Alarico de Freitas &#8211; Filgueiras<\/p>\n<p>&#8211;\u00a0Coloca\u00e7\u00e3o de grade e tampa em boca de lobo &#8211; Rua Orlando Riani &#8211; Filgueiras<\/p>\n<p>&#8211;\u00a0Coloca\u00e7\u00e3o de grade e tampa em boca de lobo &#8211; Rua Vereador Jos\u00e9 Sobreira &#8211; Filgueiras<\/p>\n<p>&#8211;\u00a0Coloca\u00e7\u00e3o de grade e tampa em boca de lobo &#8211; Rua Jos\u00e9 Marcelino Teixeira &#8211; Filgueiras<\/p>\n<p>&#8211; Constru\u00e7\u00e3o de mureta &#8211; Rua Jos\u00e9 Lima da Fonseca<\/p>\n<p>&#8211; Lan\u00e7amento de material granulado em pontos cr\u00edticos &#8211; Comunidade do pe\u00e3o &#8211; Torre\u00f5es<\/p>\n<p>&#8211; Limpeza de valas &#8211; Estrada Principal de Pires- Monte Verde<\/p>\n<p>&#8211; Patrolamento &#8211; Estrada Raymundo Hargreaves &#8211; Francisco Bernardino<\/p>\n<p>&#8211; Lan\u00e7amento de material granulado em pontos cr\u00edticos &#8211; Estrada da Varginha<\/p>\n<p>&#8211; Patrolamento &#8211; Estrada Boa Vista<\/p>\n<p>&#8211; Patrolamento &#8211; Estrada da Lagoa<\/p>\n<p>&#8211; Obra de cal\u00e7amento &#8211; Comunidade de Penido &#8211; Penido<\/p>\n<p>&#8211; Patrolamento &#8211; Toledos<\/p>\n<p>&#8211; Confec\u00e7\u00e3o de bueiro &#8211; Estrada Monte Verde a Goiabal- Monte Verde<\/p>\n<p>&#8211; Servi\u00e7o de ro\u00e7ada &#8211; Caet\u00e9<\/p>\n<p>&#8211; Coloca\u00e7\u00e3o de meio fio &#8211; Rua Sebasti\u00e3o Garcia<\/p>\n<p>&#8211; Coloca\u00e7\u00e3o de meio fio &#8211; Rua Afonso Garcia<\/p>\n<p>&nbsp;<\/p>\n<p><strong>Novas interven\u00e7\u00f5es:<\/strong><\/p>\n<p>&#8211; Corre\u00e7\u00e3o de eros\u00e3o &#8211; Rua Stelina de Jesus Oliveira &#8211; Linhares<\/p>\n<p>&#8211; Limpeza de boca de lobo &#8211; Avenida Senhor dos Passos &#8211; S\u00e3o Pedro<\/p>\n<p>&#8211; Corre\u00e7\u00e3o de eros\u00e3o &#8211; Rua Ces\u00e1rio Alvim &#8211; S\u00e3o Bernardo<\/p>\n<p>&#8211; Servi\u00e7o de base &#8211; Rua Ces\u00e1rio Alvim &#8211; S\u00e3o Bernardo<\/p>\n<p>&#8211; Limpeza de Valas &#8211; Comunidade do caet\u00e9<\/p>\n<p>&#8211; Constru\u00e7\u00e3o de passarela &#8211; Borboleta<\/p>\n<p>&#8211; Reforma de ponte &#8211; Ros\u00e1rio de minas<\/p>\n<p>&#8211; Lan\u00e7amento de material granulado em pontos cr\u00edticos &#8211; Rua Diva Garcia &#8211; Linhares<\/p>\n<p>&#8211; Corre\u00e7\u00e3o de eros\u00e3o &#8211; Rua Manoel Vaz de Magalh\u00e3es &#8211; Bosque do Imperador<\/p>\n<p>&nbsp;<\/p>\n<p><strong>Ilumina\u00e7\u00e3o P\u00fablica<\/strong><\/p>\n<p>&nbsp;<\/p>\n<p>O departamento de Ilumina\u00e7\u00e3o P\u00fablica da PJF d\u00e1 continuidade \u00e0s a\u00e7\u00f5es com a previs\u00e3o de trocas de 118 l\u00e2mpadas em todas as regi\u00f5es.<\/p>\n<p><strong>Eldorado<\/strong><\/p>\n<p>Rua Archanjo De Campos Miranda<\/p>\n<p>Rua Jo\u00e3o Garcia Couri<\/p>\n<p>Rua Doutor Sebasti\u00e3o De Andrade<\/p>\n<p><strong>Quintas Da Avenida<\/strong><\/p>\n<p>Rua Irene Batista De Oliveira<\/p>\n<p>Rua Aladir Soares Silva<\/p>\n<p>Rua Avelino Francisco De Almeida<\/p>\n<p><strong>Barreira Do Triunfo<\/strong><\/p>\n<p>Estrada Elias Jose Mockdeci<\/p>\n<p>Rua Em\u00edlio Augusto De Assis<\/p>\n<p>Rua Joaquim Mariano Da Silva<\/p>\n<p><strong>J\u00f3quei Clube I<\/strong><\/p>\n<p>Rua Major Jos\u00e9 Teixeira<\/p>\n<p>Rua Silvia Lage<\/p>\n<p>Rua Benjamin Marques<\/p>\n<p>Rua Doardino Longo<\/p>\n<p>Rua Vidal Barbosa Lage<\/p>\n<p>Rua Severino De Andrade Campos<\/p>\n<p>Rua Ricardo Ribeiro De Novais<\/p>\n<p>Rua Ambrosina Nunes Lima<\/p>\n<p><strong>Granjas Recanto Do Sol<\/strong><\/p>\n<p>Rua Das Hort\u00eancias<\/p>\n<p>Rua Das Orqu\u00eddeas<\/p>\n<p>Rua Das Acacias<\/p>\n<p><strong>Salvaterra<\/strong><\/p>\n<p>Br 040,Km 799.<\/p>\n<p><strong>N\u00e1utico<\/strong><\/p>\n<p>Rua Joao Criterio Da Silva<\/p>\n<p>Rua Arlindo Guedes<\/p>\n<p>Rua Ribeir\u00e3o Das Palmeiras<\/p>\n<p><strong>Vila Ideal<\/strong><\/p>\n<p>Rua Alberto Dalpra (Beco)<\/p>\n<p>Rua Jo\u00e3o Luiz Alves<\/p>\n<p>Rua Vera Consuelo Nascimento<\/p>\n<p>Rua Oleg\u00e1rio Pinto<\/p>\n<p><strong>Terras Altas<\/strong><\/p>\n<p>Rua Wilson Gomes De Freitas<\/p>\n<p>Rua C\u00e2ndido Moreira Guedes<\/p>\n<p><strong>Jardim Esperan\u00e7a<\/strong><\/p>\n<p>Rua Alberto Guedes<\/p>\n<p>Rua Tamoios<\/p>\n<p>Rua Padre Jo\u00e3o Michelotto<\/p>\n<p>Rua Professora Olinda Magalh\u00e3es<\/p>\n<p><strong>Santa Efig\u00eania<\/strong><\/p>\n<p>Rua Marciano Pinto<\/p>\n<p>Rua Lic\u00ednio Pereira Cortez<\/p>\n<p><strong>Bar\u00e3o Do Retiro<\/strong><\/p>\n<p>Rua Doutor Saulo Vilela<\/p>\n<p>Rua Coronel Cust\u00f3dio De Souza Pinto<\/p>\n<p>Rua Irma Emerenciana<\/p>\n<p>Rua L<\/p>\n<p>Rua Sebasti\u00e3o Cardoso<\/p>\n<p><strong>Marumbi<\/strong><\/p>\n<p>Rua Doutor Manoel Lage<\/p>\n<p><strong>Santa Paula<\/strong><\/p>\n<p>Rua Jos\u00e9 Ramos<\/p>\n<p><strong>S\u00e3o Bernardo<\/strong><\/p>\n<p>Rua Ces\u00e1rio Alvim<\/p>\n<p><strong>Progresso<\/strong><\/p>\n<p>Rua Augusto Stoppa<\/p>\n<p>Rua Manoel Lage<\/p>\n<p><strong>Nossa Senhora Das Gra\u00e7as<\/strong><\/p>\n<p>Travessa Gr\u00e3o Mogol<\/p>\n<p>Rua Domingos Lopes<\/p>\n<p><strong>Parque Guarani<\/strong><\/p>\n<p>Rua Marcelo Barreto Rodrigues<\/p>\n<p>Rua Doutor Jose Amaro Da Silva<\/p>\n<p><strong>Centen\u00e1rio<\/strong><\/p>\n<p>Rua Jo\u00e3o Cardoso<\/p>\n<p>Rua Paissandu<\/p>\n<p><strong>Recanto Do Sol<\/strong><\/p>\n<p>Rua Dos Jasmins<\/p>\n<p><strong>Serra D&#8217;agua<\/strong><\/p>\n<p>Alameda 33<\/p>\n<p>Alameda 31<\/p>\n<p><strong>Santos Dumont<\/strong><\/p>\n<p>Rua Leny Lessa Carelle<\/p>\n<p>Rua Izolino Goncalves Coelho<\/p>\n<p><strong>S\u00e3o Pedro<\/strong><\/p>\n<p>Rua Jos\u00e9 Thom\u00e9 De Souza<\/p>\n<p>Rua Dimas Bergo Xisto<\/p>\n<p>Rua Olga Goliath Munck<\/p>\n<p><strong>Santo Ant\u00f4nio<\/strong><\/p>\n<p>Rua Arthur Lucas Da Silva<\/p>\n<p>Rua Manoel Ribeiro De Almeida<\/p>\n<p><strong>Parque Serra Verde<\/strong><\/p>\n<p>Rua Jorge Firmino Santana<\/p>\n<p><strong>Jardim Da Serra<\/strong><\/p>\n<p>Rua Fortaleza<\/p>\n<p>&nbsp;<\/p>\n<p><strong>Gabinete de A\u00e7\u00e3o e Di\u00e1logo Comunit\u00e1rio<\/strong><\/p>\n<p>As a\u00e7\u00f5es da Secretaria de Obras s\u00e3o realizadas atrav\u00e9s do Gabinete de A\u00e7\u00e3o e Di\u00e1logo Comunit\u00e1rio, que recebe demandas de melhorias urbanas pelo n\u00famero (32) 3690-7241, por liga\u00e7\u00e3o ou WhatsApp.<\/p>\n<p>No\u00a0<a href=\"https:\/\/www.pjf.mg.gov.br\/gabinetecomunitario\/\"><strong>site do gabinete<\/strong><\/a>, est\u00e3o dispon\u00edveis informa\u00e7\u00f5es atualizadas\u00a0 diariamente sobre os servi\u00e7os realizados pelas secretarias de Obras (SO); de Sustentabilidade em Meio Ambiente e Atividades Urbanas (Sesmaur); de Mobilidade Urbana (SMU); e pela\u00a0 Empresa Municipal de Pavimenta\u00e7\u00e3o e Urbaniza\u00e7\u00e3o (Empav); Departamento Municipal de Limpeza Urbana (Demlurb); e Companhia de Saneamento Municipal (Cesama).<\/p>\n","protected":false},"excerpt":{"rendered":"<p>Segundo informa\u00e7\u00f5es do site da Prefeitura de Juiz de Fora (PJF), o\u00a0Programa Boniteza da Prefeitura de Juiz de Fora (PJF) opera em 149 interven\u00e7\u00f5es nesta quarta-feira, 21. &nbsp; Obras &nbsp; Os Departamentos de Opera\u00e7\u00e3o e Manuten\u00e7\u00e3o em Obras (Domo) e de Estradas Vicinais da Secretaria de Obras t\u00eam previstas 31 a\u00e7\u00f5es. &nbsp; Interven\u00e7\u00f5es em continuidade: [&hellip;]<\/p>\n","protected":false},"author":246,"featured_media":208105,"comment_status":"closed","ping_status":"closed","sticky":false,"template":"","format":"standard","meta":{"footnotes":""},"categories":[253,436,439],"tags":[],"class_list":["post-208104","post","type-post","status-publish","format-standard","has-post-thumbnail","hentry","category-cidade","category-destaque-da-semana","category-ultima-hora"],"_links":{"self":[{"href":"https:\/\/diarioregionaldigital.com.br\/index.php?rest_route=\/wp\/v2\/posts\/208104","targetHints":{"allow":["GET"]}}],"collection":[{"href":"https:\/\/diarioregionaldigital.com.br\/index.php?rest_route=\/wp\/v2\/posts"}],"about":[{"href":"https:\/\/diarioregionaldigital.com.br\/index.php?rest_route=\/wp\/v2\/types\/post"}],"author":[{"embeddable":true,"href":"https:\/\/diarioregionaldigital.com.br\/index.php?rest_route=\/wp\/v2\/users\/246"}],"replies":[{"embeddable":true,"href":"https:\/\/diarioregionaldigital.com.br\/index.php?rest_route=%2Fwp%2Fv2%2Fcomments&post=208104"}],"version-history":[{"count":1,"href":"https:\/\/diarioregionaldigital.com.br\/index.php?rest_route=\/wp\/v2\/posts\/208104\/revisions"}],"predecessor-version":[{"id":208106,"href":"https:\/\/diarioregionaldigital.com.br\/index.php?rest_route=\/wp\/v2\/posts\/208104\/revisions\/208106"}],"wp:featuredmedia":[{"embeddable":true,"href":"https:\/\/diarioregionaldigital.com.br\/index.php?rest_route=\/wp\/v2\/media\/208105"}],"wp:attachment":[{"href":"https:\/\/diarioregionaldigital.com.br\/index.php?rest_route=%2Fwp%2Fv2%2Fmedia&parent=208104"}],"wp:term":[{"taxonomy":"category","embeddable":true,"href":"https:\/\/diarioregionaldigital.com.br\/index.php?rest_route=%2Fwp%2Fv2%2Fcategories&post=208104"},{"taxonomy":"post_tag","embeddable":true,"href":"https:\/\/diarioregionaldigital.com.br\/index.php?rest_route=%2Fwp%2Fv2%2Ftags&post=208104"}],"curies":[{"name":"wp","href":"https:\/\/api.w.org\/{rel}","templated":true}]}}