{"id":208089,"date":"2022-12-22T06:24:58","date_gmt":"2022-12-22T09:24:58","guid":{"rendered":"https:\/\/diarioregionaldigital.com.br\/?p=208089"},"modified":"2022-12-22T06:24:58","modified_gmt":"2022-12-22T09:24:58","slug":"supercopa-em-5-de-fevereiro-abre-temporada-2023-do-futebol-feminino","status":"publish","type":"post","link":"https:\/\/diarioregionaldigital.com.br\/?p=208089","title":{"rendered":"Supercopa em 5 de fevereiro abre temporada 2023 do futebol feminino"},"content":{"rendered":"<p>A CBF definiu o calend\u00e1rio das competi\u00e7\u00f5es de futebol feminino para 2023, com pausas para o per\u00edodo da Copa do Mundo &#8211; entre 20 de julho e 20 de agosto \u2013 e tamb\u00e9m nas datas Fifa.\u00a0O primeiro torneio do ano ser\u00e1 a Supercopa, de 5 a 12 de fevereiro.<img decoding=\"async\" src=\"https:\/\/agenciabrasil.ebc.com.br\/ebc.png?id=1499326&amp;o=node\" \/><img decoding=\"async\" src=\"https:\/\/agenciabrasil.ebc.com.br\/ebc.gif?id=1499326&amp;o=node\" \/><\/p>\n<p>O Brasileiro A1 (primeira divis\u00e3o do campeonato nacional) ter\u00e1 in\u00edcio em 26 de fevereiro e termina em 17 de setembro. J\u00e1 os estaduais est\u00e3o previstos para ocorrer entre\u00a0setembro e\u00a0dezembro do ano que vem.<\/p>\n<p>Ente as altera\u00e7\u00f5es feitas pela CBF para a pr\u00f3xima temporada est\u00e1 a redu\u00e7\u00e3o de 24 para 20 equipes participantes no Brasileiro Sub-20. O objetivo da mudan\u00e7a, segundo a entidade, \u00e9 dar mais competitividade ao torneio. J\u00e1 no caso do Brasileiro Sub-17, houve aumento do n\u00famero de clubes que passou de 12 para 16.<\/p>\n<h2>Calend\u00e1rio 2023<\/h2>\n<p><strong>Supercopa Feminina<\/strong>\u00a0&#8211; 5 a 12 de fevereiro.<\/p>\n<p><strong>Brasileiro Feminino A-1<\/strong>\u00a0&#8211; 26 de fevereiro a 17 de setembro<\/p>\n<p><strong>Brasileiro Feminino Sub-20<\/strong>\u00a0&#8211; 8 de mar\u00e7o a 21 de junho<\/p>\n<p><strong>Brasileiro Feminino A-2<\/strong>\u00a0&#8211; 15 de abril a 8 de julho<\/p>\n<p><strong>Brasileiro Feminino A-3<\/strong>\u00a0&#8211; 15 de abril a 24 de junho<\/p>\n<p><strong>Brasileiro Feminino Sub-17<\/strong>\u00a0&#8211; 4 a 25 de novembro<\/p>\n<p><span style=\"font-weight: 400;\">Fonte: Ag\u00eancia Brasil <\/span><\/p>\n","protected":false},"excerpt":{"rendered":"<p>A CBF definiu o calend\u00e1rio das competi\u00e7\u00f5es de futebol feminino para 2023, com pausas para o per\u00edodo da Copa do Mundo &#8211; entre 20 de julho e 20 de agosto \u2013 e tamb\u00e9m nas datas Fifa.\u00a0O primeiro torneio do ano ser\u00e1 a Supercopa, de 5 a 12 de fevereiro. O Brasileiro A1 (primeira divis\u00e3o do [&hellip;]<\/p>\n","protected":false},"author":246,"featured_media":208090,"comment_status":"closed","ping_status":"closed","sticky":false,"template":"","format":"standard","meta":{"footnotes":""},"categories":[436,257,439],"tags":[],"class_list":["post-208089","post","type-post","status-publish","format-standard","has-post-thumbnail","hentry","category-destaque-da-semana","category-esporte","category-ultima-hora"],"_links":{"self":[{"href":"https:\/\/diarioregionaldigital.com.br\/index.php?rest_route=\/wp\/v2\/posts\/208089","targetHints":{"allow":["GET"]}}],"collection":[{"href":"https:\/\/diarioregionaldigital.com.br\/index.php?rest_route=\/wp\/v2\/posts"}],"about":[{"href":"https:\/\/diarioregionaldigital.com.br\/index.php?rest_route=\/wp\/v2\/types\/post"}],"author":[{"embeddable":true,"href":"https:\/\/diarioregionaldigital.com.br\/index.php?rest_route=\/wp\/v2\/users\/246"}],"replies":[{"embeddable":true,"href":"https:\/\/diarioregionaldigital.com.br\/index.php?rest_route=%2Fwp%2Fv2%2Fcomments&post=208089"}],"version-history":[{"count":1,"href":"https:\/\/diarioregionaldigital.com.br\/index.php?rest_route=\/wp\/v2\/posts\/208089\/revisions"}],"predecessor-version":[{"id":208091,"href":"https:\/\/diarioregionaldigital.com.br\/index.php?rest_route=\/wp\/v2\/posts\/208089\/revisions\/208091"}],"wp:featuredmedia":[{"embeddable":true,"href":"https:\/\/diarioregionaldigital.com.br\/index.php?rest_route=\/wp\/v2\/media\/208090"}],"wp:attachment":[{"href":"https:\/\/diarioregionaldigital.com.br\/index.php?rest_route=%2Fwp%2Fv2%2Fmedia&parent=208089"}],"wp:term":[{"taxonomy":"category","embeddable":true,"href":"https:\/\/diarioregionaldigital.com.br\/index.php?rest_route=%2Fwp%2Fv2%2Fcategories&post=208089"},{"taxonomy":"post_tag","embeddable":true,"href":"https:\/\/diarioregionaldigital.com.br\/index.php?rest_route=%2Fwp%2Fv2%2Ftags&post=208089"}],"curies":[{"name":"wp","href":"https:\/\/api.w.org\/{rel}","templated":true}]}}