{"id":208005,"date":"2022-12-20T14:47:49","date_gmt":"2022-12-20T17:47:49","guid":{"rendered":"https:\/\/diarioregionaldigital.com.br\/?p=208005"},"modified":"2022-12-20T14:47:49","modified_gmt":"2022-12-20T17:47:49","slug":"dolar-tem-leve-alta-e-sobe-para-r-530-apos-decisoes-do-stf","status":"publish","type":"post","link":"https:\/\/diarioregionaldigital.com.br\/?p=208005","title":{"rendered":"D\u00f3lar tem leve alta e sobe para R$ 5,30 ap\u00f3s decis\u00f5es do STF"},"content":{"rendered":"<p>As decis\u00f5es do Supremo Tribunal Federal (STF) relativas ao Bolsa Fam\u00edlia e ao or\u00e7amento secreto fizeram o d\u00f3lar fechar em leve alta, na contram\u00e3o da queda da moeda no mercado internacional. A bolsa de valores subiu quase 2% e recuperou-se parcialmente das quedas recentes.<\/p>\n<p>O d\u00f3lar comercial encerrou esta segunda-feira (19) vendido a R$ 5,309, com alta de R$ 0,015 (+0,28%). A cota\u00e7\u00e3o iniciou o dia em alta, chegando a R$ 5,34 nos primeiros minutos de negocia\u00e7\u00e3o, mas desacelerou ao longo do dia. Por volta das 15h, chegou a operar em R$ 5,29.<\/p>\n<p>Com o desempenho de hoje, a moeda norte-americana acumula alta de 2,06% em dezembro. Em 2022, a divisa cai 4,79%.<\/p>\n<p>O mercado de a\u00e7\u00f5es teve um dia mais tranquilo. O \u00edndice Ibovespa, da B3, fechou aos 104.740 pontos, com alta de 1,83%. O indicador subiu durante quase toda a sess\u00e3o, impulsionado por a\u00e7\u00f5es de bancos.<\/p>\n<p>O mercado financeiro iniciou o dia sob tens\u00e3o ap\u00f3s o ministro do STF Gilmar Mendes conceder liminar que autoriza o presidente eleito Luiz In\u00e1cio Lula da Silva a retirar o Bolsa Fam\u00edlia do teto de gastos em 2023.<\/p>\n<p>No in\u00edcio da tarde, ap\u00f3s o plen\u00e1rio do Supremo considerar inconstitucional o or\u00e7amento secreto, os investidores ficaram em compasso de espera, enquanto aguardam os desdobramentos das decis\u00f5es sobre a Proposta de Emenda \u00e0 Constitui\u00e7\u00e3o (PEC) da Transi\u00e7\u00e3o.<\/p>\n<p>No exterior, o d\u00f3lar caiu levemente perante as principais moedas do planeta, devolvendo as fortes altas do fim da semana passada, ap\u00f3s o Federal Reserve (Fed, Banco Central norte-americano) elevar os juros b\u00e1sicos dos Estados Unidos em 0,5 ponto percentual. As bolsas norte-americanas, por\u00e9m, ca\u00edram pela quarta vez seguida, refletindo declara\u00e7\u00f5es recentes de dirigentes do Fed de que o \u00f3rg\u00e3o vai continuar o aperto monet\u00e1rio para segurar a infla\u00e7\u00e3o na maior economia do planeta.<\/p>\n<p><span style=\"font-weight: 400;\"><br \/>\n<\/span><span style=\"font-weight: 400;\">Fonte: Ag\u00eancia Brasil <\/span><\/p>\n","protected":false},"excerpt":{"rendered":"<p>As decis\u00f5es do Supremo Tribunal Federal (STF) relativas ao Bolsa Fam\u00edlia e ao or\u00e7amento secreto fizeram o d\u00f3lar fechar em leve alta, na contram\u00e3o da queda da moeda no mercado internacional. A bolsa de valores subiu quase 2% e recuperou-se parcialmente das quedas recentes. O d\u00f3lar comercial encerrou esta segunda-feira (19) vendido a R$ 5,309, [&hellip;]<\/p>\n","protected":false},"author":246,"featured_media":208006,"comment_status":"closed","ping_status":"closed","sticky":false,"template":"","format":"standard","meta":{"footnotes":""},"categories":[436,261,439],"tags":[],"class_list":["post-208005","post","type-post","status-publish","format-standard","has-post-thumbnail","hentry","category-destaque-da-semana","category-economia","category-ultima-hora"],"_links":{"self":[{"href":"https:\/\/diarioregionaldigital.com.br\/index.php?rest_route=\/wp\/v2\/posts\/208005","targetHints":{"allow":["GET"]}}],"collection":[{"href":"https:\/\/diarioregionaldigital.com.br\/index.php?rest_route=\/wp\/v2\/posts"}],"about":[{"href":"https:\/\/diarioregionaldigital.com.br\/index.php?rest_route=\/wp\/v2\/types\/post"}],"author":[{"embeddable":true,"href":"https:\/\/diarioregionaldigital.com.br\/index.php?rest_route=\/wp\/v2\/users\/246"}],"replies":[{"embeddable":true,"href":"https:\/\/diarioregionaldigital.com.br\/index.php?rest_route=%2Fwp%2Fv2%2Fcomments&post=208005"}],"version-history":[{"count":1,"href":"https:\/\/diarioregionaldigital.com.br\/index.php?rest_route=\/wp\/v2\/posts\/208005\/revisions"}],"predecessor-version":[{"id":208007,"href":"https:\/\/diarioregionaldigital.com.br\/index.php?rest_route=\/wp\/v2\/posts\/208005\/revisions\/208007"}],"wp:featuredmedia":[{"embeddable":true,"href":"https:\/\/diarioregionaldigital.com.br\/index.php?rest_route=\/wp\/v2\/media\/208006"}],"wp:attachment":[{"href":"https:\/\/diarioregionaldigital.com.br\/index.php?rest_route=%2Fwp%2Fv2%2Fmedia&parent=208005"}],"wp:term":[{"taxonomy":"category","embeddable":true,"href":"https:\/\/diarioregionaldigital.com.br\/index.php?rest_route=%2Fwp%2Fv2%2Fcategories&post=208005"},{"taxonomy":"post_tag","embeddable":true,"href":"https:\/\/diarioregionaldigital.com.br\/index.php?rest_route=%2Fwp%2Fv2%2Ftags&post=208005"}],"curies":[{"name":"wp","href":"https:\/\/api.w.org\/{rel}","templated":true}]}}