{"id":207994,"date":"2022-12-19T17:56:41","date_gmt":"2022-12-19T20:56:41","guid":{"rendered":"https:\/\/diarioregionaldigital.com.br\/?p=207994"},"modified":"2022-12-19T17:56:41","modified_gmt":"2022-12-19T20:56:41","slug":"pjf-da-sequencia-aos-trabalhos-de-recapeamento-asfaltico-na-avenida-rio-branco","status":"publish","type":"post","link":"https:\/\/diarioregionaldigital.com.br\/?p=207994","title":{"rendered":"PJF d\u00e1 sequ\u00eancia aos trabalhos de recapeamento asf\u00e1ltico na Avenida Rio Branco"},"content":{"rendered":"<p>Segundo informa\u00e7\u00f5es do site da Prefeitura de Juiz de Fora (PJF), seguindo no objetivo de melhorar a mobilidade urbana na cidade, a Prefeitura de Juiz de Fora (PJF) deu sequ\u00eancia nesta segunda-feira, 19, na execu\u00e7\u00e3o do recapeamento asf\u00e1ltico de parte da Avenida Bar\u00e3o do Rio Branco. Os trabalhos acontecem em um trecho de 896 metros de extens\u00e3o, na altura do bairro Cruzeiro do Sul.<\/p>\n<p>Os recursos que custeiam os servi\u00e7os s\u00e3o oriundos de uma emenda federal da Caixa Econ\u00f4mica, liberados para o munic\u00edpio no in\u00edcio deste m\u00eas. A previs\u00e3o \u00e9 que o recapeamento seja conclu\u00eddo at\u00e9 o final desta semana e que, at\u00e9 o final de dezembro, o trecho esteja completamente revitalizado.<\/p>\n<p><strong>Retirada de rampas de garagem para a constru\u00e7\u00e3o de sarjetas<\/strong><\/p>\n<p>Uma das exig\u00eancias da emenda \u00e9 a constru\u00e7\u00e3o de sarjetas, junto aos meios-fios. As sarjetas auxiliam no escoamento correto da \u00e1gua, impedindo infiltra\u00e7\u00f5es no asfalto e aumentando a durabilidade do pavimento.<\/p>\n<p>Para a constru\u00e7\u00e3o desses escoadouros, equipes da Empresa Municipal de Pavimenta\u00e7\u00e3o e Urbanidades (Empav), que est\u00e3o atuando na Rio Branco, dever\u00e3o proceder com a retirada de cerca de seis rampas de garagens instaladas de maneira irregular nas cal\u00e7adas. Os propriet\u00e1rios de todos os im\u00f3veis afetados j\u00e1 foram notificados pela Secretaria de Sustentabilidade em Meio Ambiente e Atividades Urbanas (Sesmaur).<\/p>\n<p><strong>Orienta\u00e7\u00f5es para a constru\u00e7\u00e3o de rampas de garagem<\/strong><\/p>\n<p>De acordo com o fiscal de posturas da Sesmaur, Guilherme Ign\u00e1cio, a legisla\u00e7\u00e3o municipal institui regras para interven\u00e7\u00f5es na cal\u00e7ada. \u201cO<a href=\"https:\/\/www.pjf.mg.gov.br\/secretarias\/sarh\/edital\/interno\/selecao2013\/arquivos\/apostilas\/fiscal_posturas\/apostila_160516.pdf\">\u00a0<strong><u>C\u00f3digo de Posturas<\/u><\/strong><\/a>\u00a0estabelece que n\u00e3o podem haver obst\u00e1culos constru\u00eddos pelo dono do im\u00f3vel em via p\u00fablica. Nestes obst\u00e1culos, incluem-se as rampas\u201d, enfatiza o fiscal.<\/p>\n<p>Guilherme destaca, ainda, que nas notifica\u00e7\u00f5es aplicadas t\u00eam como objetivos informar que a Empav est\u00e1 fazendo o recapeamento na via, que as rampas irregulares seriam retiradas e que, em caso de reincid\u00eancia, os respons\u00e1veis poder\u00e3o sofrer as san\u00e7\u00f5es legais cab\u00edveis.<\/p>\n","protected":false},"excerpt":{"rendered":"<p>Segundo informa\u00e7\u00f5es do site da Prefeitura de Juiz de Fora (PJF), seguindo no objetivo de melhorar a mobilidade urbana na cidade, a Prefeitura de Juiz de Fora (PJF) deu sequ\u00eancia nesta segunda-feira, 19, na execu\u00e7\u00e3o do recapeamento asf\u00e1ltico de parte da Avenida Bar\u00e3o do Rio Branco. Os trabalhos acontecem em um trecho de 896 metros [&hellip;]<\/p>\n","protected":false},"author":246,"featured_media":207995,"comment_status":"closed","ping_status":"closed","sticky":false,"template":"","format":"standard","meta":{"footnotes":""},"categories":[253,436,439],"tags":[],"class_list":["post-207994","post","type-post","status-publish","format-standard","has-post-thumbnail","hentry","category-cidade","category-destaque-da-semana","category-ultima-hora"],"_links":{"self":[{"href":"https:\/\/diarioregionaldigital.com.br\/index.php?rest_route=\/wp\/v2\/posts\/207994","targetHints":{"allow":["GET"]}}],"collection":[{"href":"https:\/\/diarioregionaldigital.com.br\/index.php?rest_route=\/wp\/v2\/posts"}],"about":[{"href":"https:\/\/diarioregionaldigital.com.br\/index.php?rest_route=\/wp\/v2\/types\/post"}],"author":[{"embeddable":true,"href":"https:\/\/diarioregionaldigital.com.br\/index.php?rest_route=\/wp\/v2\/users\/246"}],"replies":[{"embeddable":true,"href":"https:\/\/diarioregionaldigital.com.br\/index.php?rest_route=%2Fwp%2Fv2%2Fcomments&post=207994"}],"version-history":[{"count":1,"href":"https:\/\/diarioregionaldigital.com.br\/index.php?rest_route=\/wp\/v2\/posts\/207994\/revisions"}],"predecessor-version":[{"id":207996,"href":"https:\/\/diarioregionaldigital.com.br\/index.php?rest_route=\/wp\/v2\/posts\/207994\/revisions\/207996"}],"wp:featuredmedia":[{"embeddable":true,"href":"https:\/\/diarioregionaldigital.com.br\/index.php?rest_route=\/wp\/v2\/media\/207995"}],"wp:attachment":[{"href":"https:\/\/diarioregionaldigital.com.br\/index.php?rest_route=%2Fwp%2Fv2%2Fmedia&parent=207994"}],"wp:term":[{"taxonomy":"category","embeddable":true,"href":"https:\/\/diarioregionaldigital.com.br\/index.php?rest_route=%2Fwp%2Fv2%2Fcategories&post=207994"},{"taxonomy":"post_tag","embeddable":true,"href":"https:\/\/diarioregionaldigital.com.br\/index.php?rest_route=%2Fwp%2Fv2%2Ftags&post=207994"}],"curies":[{"name":"wp","href":"https:\/\/api.w.org\/{rel}","templated":true}]}}