{"id":207988,"date":"2022-12-19T17:52:07","date_gmt":"2022-12-19T20:52:07","guid":{"rendered":"https:\/\/diarioregionaldigital.com.br\/?p=207988"},"modified":"2022-12-19T17:52:07","modified_gmt":"2022-12-19T20:52:07","slug":"audiencia-publica-para-o-plano-diretor-participativo-acontece-nesta-terca-20","status":"publish","type":"post","link":"https:\/\/diarioregionaldigital.com.br\/?p=207988","title":{"rendered":"Audi\u00eancia P\u00fablica para o Plano Diretor Participativo acontece nesta ter\u00e7a, 20"},"content":{"rendered":"<p>Segundo informa\u00e7\u00f5es do site da Prefeitura de Juiz de Fora (PJF), a\u00a0Secretaria de Planejamento Urbano (Sepur) realiza nesta ter\u00e7a-feira, 20,\u00a0\u00e0s 8h30, no teatro Paschoal Carlos Magno,\u00a0uma audi\u00eancia p\u00fablica\u00a0para debater as diretrizes do Plano Diretor Participativo (PDP) de Juiz de Fora. O evento ser\u00e1 aberto \u00e0 participa\u00e7\u00e3o popular.<\/p>\n<p>Os interessados em participar poder\u00e3o acessar<strong>\u00a0<\/strong><strong><a href=\"https:\/\/docs.google.com\/forms\/d\/e\/1FAIpQLScgK68FA3ysXedis7Na1E-PqbpBtpGLQp8tLEPddMvxcABkSw\/viewform\"><u>este formul\u00e1rio<\/u><\/a><\/strong>\u00a0na p\u00e1gina da Prefeitura de Juiz de Fora (PJF) e se inscrever gratuitamente, ou se inscrever no local, na Rua\u00a0Gilberto de Alencar, 1, Centro.<\/p>\n<p>De acordo com a programa\u00e7\u00e3o, \u00e0s 9h haver\u00e1 uma mesa de abertura, e logo em seguida a prefeita Margarida Salom\u00e3o discursar\u00e1 sobre \u201cOs desafios na constru\u00e7\u00e3o de uma cidade para todas e todos\u201d. \u00c0s 9h30 ser\u00e1 realizada a apresenta\u00e7\u00e3o do PDP em 2022 e metas para 2023. Aqueles que se inscreveram poder\u00e3o ter a palavra \u00e0s 11h e, em seguida, as r\u00e9plicas. O encerramento est\u00e1 previsto para \u00e0s 11h30.<\/p>\n<p><strong>Plano Diretor Participativo<\/strong><\/p>\n<p>O Plano Diretor Participativo de Juiz de Fora \u00e9 o instrumento b\u00e1sico da pol\u00edtica de desenvolvimento e ordenamento da expans\u00e3o urbana. \u00c9 o referencial orientador para a atua\u00e7\u00e3o da administra\u00e7\u00e3o p\u00fablica e da iniciativa privada no seu \u00e2mbito territorial.<\/p>\n<p>A Constitui\u00e7\u00e3o Federal de 1988 estabeleceu a obrigatoriedade dos munic\u00edpios de elaborarem o seu Plano Diretor. \u00c9 atrav\u00e9s dele que se planeja toda expans\u00e3o e organiza\u00e7\u00e3o territorial da cidade. Ele tem quase 200 artigos, divididos em sete eixos: regulariza\u00e7\u00e3o fundi\u00e1ria, mobilidade urbana, habita\u00e7\u00e3o, meio ambiente, saneamento, patrim\u00f4nio cultural e desenvolvimento sustent\u00e1vel.<\/p>\n<p>Para possibilitar aos cidad\u00e3os o acesso \u00e0 moradia, infraestrutura e servi\u00e7os p\u00fablicos. O planejamento garante resultados pr\u00e1ticos e o\u00a0 uso devido de recursos p\u00fablicos. Al\u00e9m de prever o crescimento do munic\u00edpio, estimulando a economia sustent\u00e1vel.<\/p>\n","protected":false},"excerpt":{"rendered":"<p>Segundo informa\u00e7\u00f5es do site da Prefeitura de Juiz de Fora (PJF), a\u00a0Secretaria de Planejamento Urbano (Sepur) realiza nesta ter\u00e7a-feira, 20,\u00a0\u00e0s 8h30, no teatro Paschoal Carlos Magno,\u00a0uma audi\u00eancia p\u00fablica\u00a0para debater as diretrizes do Plano Diretor Participativo (PDP) de Juiz de Fora. O evento ser\u00e1 aberto \u00e0 participa\u00e7\u00e3o popular. Os interessados em participar poder\u00e3o acessar\u00a0este formul\u00e1rio\u00a0na p\u00e1gina [&hellip;]<\/p>\n","protected":false},"author":246,"featured_media":207989,"comment_status":"closed","ping_status":"closed","sticky":false,"template":"","format":"standard","meta":{"footnotes":""},"categories":[253,436,439],"tags":[],"class_list":["post-207988","post","type-post","status-publish","format-standard","has-post-thumbnail","hentry","category-cidade","category-destaque-da-semana","category-ultima-hora"],"_links":{"self":[{"href":"https:\/\/diarioregionaldigital.com.br\/index.php?rest_route=\/wp\/v2\/posts\/207988","targetHints":{"allow":["GET"]}}],"collection":[{"href":"https:\/\/diarioregionaldigital.com.br\/index.php?rest_route=\/wp\/v2\/posts"}],"about":[{"href":"https:\/\/diarioregionaldigital.com.br\/index.php?rest_route=\/wp\/v2\/types\/post"}],"author":[{"embeddable":true,"href":"https:\/\/diarioregionaldigital.com.br\/index.php?rest_route=\/wp\/v2\/users\/246"}],"replies":[{"embeddable":true,"href":"https:\/\/diarioregionaldigital.com.br\/index.php?rest_route=%2Fwp%2Fv2%2Fcomments&post=207988"}],"version-history":[{"count":1,"href":"https:\/\/diarioregionaldigital.com.br\/index.php?rest_route=\/wp\/v2\/posts\/207988\/revisions"}],"predecessor-version":[{"id":207990,"href":"https:\/\/diarioregionaldigital.com.br\/index.php?rest_route=\/wp\/v2\/posts\/207988\/revisions\/207990"}],"wp:featuredmedia":[{"embeddable":true,"href":"https:\/\/diarioregionaldigital.com.br\/index.php?rest_route=\/wp\/v2\/media\/207989"}],"wp:attachment":[{"href":"https:\/\/diarioregionaldigital.com.br\/index.php?rest_route=%2Fwp%2Fv2%2Fmedia&parent=207988"}],"wp:term":[{"taxonomy":"category","embeddable":true,"href":"https:\/\/diarioregionaldigital.com.br\/index.php?rest_route=%2Fwp%2Fv2%2Fcategories&post=207988"},{"taxonomy":"post_tag","embeddable":true,"href":"https:\/\/diarioregionaldigital.com.br\/index.php?rest_route=%2Fwp%2Fv2%2Ftags&post=207988"}],"curies":[{"name":"wp","href":"https:\/\/api.w.org\/{rel}","templated":true}]}}