{"id":207982,"date":"2022-12-19T17:42:34","date_gmt":"2022-12-19T20:42:34","guid":{"rendered":"https:\/\/diarioregionaldigital.com.br\/?p=207982"},"modified":"2022-12-19T17:42:34","modified_gmt":"2022-12-19T20:42:34","slug":"apos-tri-mundial-scaloni-mantem-portas-abertas-a-messi-para-2026","status":"publish","type":"post","link":"https:\/\/diarioregionaldigital.com.br\/?p=207982","title":{"rendered":"Ap\u00f3s tri mundial, Scaloni mant\u00e9m portas abertas a Messi para 2026"},"content":{"rendered":"<p>Antes da Copa do Catar, Lionel Messi anunciou que este seria o quinto e \u00faltimo Mundial da carreira. Ap\u00f3s liderar a Argentina \u00e0 conquista do tricampeonato mundial neste domingo (18), poderia o atacante voltar atr\u00e1s nos planos e disputar a edi\u00e7\u00e3o de 2026 (Estados Unidos, M\u00e9xico e Canad\u00e1), aos 39 anos? Se depender do t\u00e9cnico Lionel Scaloni, a camisa 10 estar\u00e1 assegurada a ele.<img decoding=\"async\" src=\"https:\/\/agenciabrasil.ebc.com.br\/ebc.png?id=1499077&amp;o=node\" \/><img decoding=\"async\" src=\"https:\/\/agenciabrasil.ebc.com.br\/ebc.gif?id=1499077&amp;o=node\" \/><\/p>\n<p>\u201cA gente precisa guardar um lugar para ele. Se quiser continuar jogando, temos de guardar sua camisa. Ele n\u00e3o tem nenhuma ponta [a ser aparada] com nossa sele\u00e7\u00e3o. \u00c9 s\u00f3 prazer e orgulho t\u00ea-lo conosco. O que Messi transmite aos seus companheiros \u00e9 impressionante. \u00c9 muito influente\u201d, disse Scaloni em entrevista coletiva ap\u00f3s a decis\u00e3o, revelando, tamb\u00e9m, uma conversa com o craque argentino antes do Mundial, que lhe deu confian\u00e7a para o que estava por vir no Catar.<\/p>\n<p>\u201cEst\u00e1vamos passando algo muito forte para os argentinos. As pessoas estavam muito entusiasmadas, esperando muito de n\u00f3s. E se n\u00e3o der certo? E L\u00e9o me respondeu: \u2018E da\u00ed? Segue em frente. Dar\u00e1 certo. Se n\u00e3o der, n\u00e3o acontece nada\u2019. A resposta dele me trouxe a certeza de que algo estava sendo muito bem trilhado\u201d, recordou.<\/p>\n<p>A final deste domingo foi dram\u00e1tica, com os argentinos abrindo 2 a 0 sobre a Fran\u00e7a no primeiro tempo, com Messi e \u00c1ngel Di Maria balan\u00e7ando as redes. Na etapa final, quando o duelo parecia controlado pelos hermanos, dois gols em um intervalo de dois minutos (aos 34 e 36), ambos marcados pelo tamb\u00e9m atacante Kylian Mbapp\u00e9, recolocaram os franceses na briga. Na prorroga\u00e7\u00e3o, Messi fez o terceiro dos sul-americanos, mas Mbapp\u00e9 deixou novamente tudo igual. Nos p\u00eanaltis, vit\u00f3ria por 4 a 2 e tricampeonato mundial para a Argentina.<\/p>\n<p>A conquista coroa um trabalho iniciado em 2018, ap\u00f3s a Copa da R\u00fassia, a princ\u00edpio de forma interina, no lugar de Jorge Sampaoli. Abra\u00e7ado pelos jogadores, Scaloni &#8211; que vivia a primeira experi\u00eancia como t\u00e9cnico, ap\u00f3s trabalhos como auxiliar no Sevilla (Espanha) e na pr\u00f3pria sele\u00e7\u00e3o &#8211; foi confirmado no cargo. Em 2019, levou uma Argentina em reconstru\u00e7\u00e3o ao terceiro lugar na Copa Am\u00e9rica, eliminada pelo anfitri\u00e3o Brasil na semifinal. O troco veio dois anos depois, novamente em territ\u00f3rio brasileiro, com o primeiro t\u00edtulo da equipe albiceleste ap\u00f3s 28 anos, aliviando a press\u00e3o em cima do grupo que, neste domingo, levantou a ta\u00e7a do mundo no Catar.<\/p>\n<p>\u201cEsses jogadores [da sele\u00e7\u00e3o] jogam para o torcedor argentino. N\u00e3o h\u00e1 ego, individualidades, um querendo subir em cima do outro. N\u00e3o h\u00e1 orgulho maior do que jogar por nosso pa\u00eds. \u00c9 brilhante ver como essa sele\u00e7\u00e3o conquistou o t\u00edtulo, entendendo o que era preciso fazer no gramado. Fizemos um jogo complet\u00edssimo e fomos campe\u00f5es\u201d, destacou o treinador.<\/p>\n<p>\u201cO time esteve bem, com otimismo em riste. [Ap\u00f3s o empate da Fran\u00e7a] sab\u00edamos que ter\u00edamos ocasi\u00f5es [para marcar gols] e foi o que aconteceu [na prorroga\u00e7\u00e3o]. Quando [o jogo] vai para os p\u00eanaltis, t\u00ednhamos confian\u00e7a total em nosso goleiro [Emiliano Mart\u00ednez], todos do elenco mandando muita for\u00e7a, muita f\u00e9. Quando fizemos a lista dos cobradores, foi muito bom ver os jogadores se oferecendo para bater. Isso inspira confian\u00e7a\u201d, completou Scaloni.<\/p>\n<p>O t\u00e9cnico argentino, por fim, foi perguntado sobre como Diego Armando Maradona, falecido em novembro de 2020, estaria celebrando a ta\u00e7a conquistada neste domingo: \u201cSomos um pa\u00eds guerreiro. Espero que, l\u00e1 de cima, ele esteja curtindo. Ele certamente estaria aqui, como torcedor. Gostaria muito que ele estivesse. Teria desfrutado muito\u201d.<\/p>\n<p><span style=\"font-weight: 400;\">Fonte: Ag\u00eancia Brasil\u00a0<\/span><span style=\"font-weight: 400;\"><br \/>\n<\/span><\/p>\n","protected":false},"excerpt":{"rendered":"<p>Antes da Copa do Catar, Lionel Messi anunciou que este seria o quinto e \u00faltimo Mundial da carreira. Ap\u00f3s liderar a Argentina \u00e0 conquista do tricampeonato mundial neste domingo (18), poderia o atacante voltar atr\u00e1s nos planos e disputar a edi\u00e7\u00e3o de 2026 (Estados Unidos, M\u00e9xico e Canad\u00e1), aos 39 anos? Se depender do t\u00e9cnico [&hellip;]<\/p>\n","protected":false},"author":246,"featured_media":207983,"comment_status":"closed","ping_status":"closed","sticky":false,"template":"","format":"standard","meta":{"footnotes":""},"categories":[436,257,439],"tags":[],"class_list":["post-207982","post","type-post","status-publish","format-standard","has-post-thumbnail","hentry","category-destaque-da-semana","category-esporte","category-ultima-hora"],"_links":{"self":[{"href":"https:\/\/diarioregionaldigital.com.br\/index.php?rest_route=\/wp\/v2\/posts\/207982","targetHints":{"allow":["GET"]}}],"collection":[{"href":"https:\/\/diarioregionaldigital.com.br\/index.php?rest_route=\/wp\/v2\/posts"}],"about":[{"href":"https:\/\/diarioregionaldigital.com.br\/index.php?rest_route=\/wp\/v2\/types\/post"}],"author":[{"embeddable":true,"href":"https:\/\/diarioregionaldigital.com.br\/index.php?rest_route=\/wp\/v2\/users\/246"}],"replies":[{"embeddable":true,"href":"https:\/\/diarioregionaldigital.com.br\/index.php?rest_route=%2Fwp%2Fv2%2Fcomments&post=207982"}],"version-history":[{"count":1,"href":"https:\/\/diarioregionaldigital.com.br\/index.php?rest_route=\/wp\/v2\/posts\/207982\/revisions"}],"predecessor-version":[{"id":207984,"href":"https:\/\/diarioregionaldigital.com.br\/index.php?rest_route=\/wp\/v2\/posts\/207982\/revisions\/207984"}],"wp:featuredmedia":[{"embeddable":true,"href":"https:\/\/diarioregionaldigital.com.br\/index.php?rest_route=\/wp\/v2\/media\/207983"}],"wp:attachment":[{"href":"https:\/\/diarioregionaldigital.com.br\/index.php?rest_route=%2Fwp%2Fv2%2Fmedia&parent=207982"}],"wp:term":[{"taxonomy":"category","embeddable":true,"href":"https:\/\/diarioregionaldigital.com.br\/index.php?rest_route=%2Fwp%2Fv2%2Fcategories&post=207982"},{"taxonomy":"post_tag","embeddable":true,"href":"https:\/\/diarioregionaldigital.com.br\/index.php?rest_route=%2Fwp%2Fv2%2Ftags&post=207982"}],"curies":[{"name":"wp","href":"https:\/\/api.w.org\/{rel}","templated":true}]}}