{"id":207976,"date":"2022-12-19T17:38:54","date_gmt":"2022-12-19T20:38:54","guid":{"rendered":"https:\/\/diarioregionaldigital.com.br\/?p=207976"},"modified":"2022-12-19T17:38:54","modified_gmt":"2022-12-19T20:38:54","slug":"em-carta-sobre-eliminacao-na-copa-pele-diz-que-hexa-foi-apenas-adiado","status":"publish","type":"post","link":"https:\/\/diarioregionaldigital.com.br\/?p=207976","title":{"rendered":"Em carta sobre elimina\u00e7\u00e3o na Copa, Pel\u00e9 diz que Hexa foi apenas adiado"},"content":{"rendered":"<p>O o ex-jogador de futebol Edson Arantes do Nascimento, o Pel\u00e9, divulgou carta aberta na sua conta do Instagram sobre a elimina\u00e7\u00e3o do Brasil da Copa do Mundo do Catar. \u201cApesar da dor que estamos sentindo com a nossa elimina\u00e7\u00e3o na Copa do Mundo, eu pe\u00e7o aos brasileiros que se lembrem do que nos trouxe at\u00e9 as cinco primeiras estrelas que temos no peito. \u00c9 o amor que nos move\u201d,\u00a0<a href=\"https:\/\/www.instagram.com\/p\/CmST7SauzBW\/\" target=\"_blank\" rel=\"noopener\">diz na mensagem.<\/a><img decoding=\"async\" src=\"https:\/\/agenciabrasil.ebc.com.br\/ebc.png?id=1499062&amp;o=node\" \/><img decoding=\"async\" src=\"https:\/\/agenciabrasil.ebc.com.br\/ebc.gif?id=1499062&amp;o=node\" \/><\/p>\n<p>Apesar da derrota da sele\u00e7\u00e3o brasileira nas quartas de final, na semana passada, no jogo contra a Cro\u00e1cia, Pel\u00e9 diz ter confian\u00e7a de que o Brasil consiga o sexto t\u00edtulo mundial em breve. \u201cFalando em sonhos, n\u00e3o pensem que os sonhos dos nossos atletas acabaram. Eu sei que eles ainda sonham com a sexta estrela, assim como eu sonhava quando era um menino. A nossa conquista foi apenas adiada\u201d, enfatizou o rei do futebol.<\/p>\n<p>Pel\u00e9 tamb\u00e9m deixou uma mensagem de for\u00e7a \u00e0 sele\u00e7\u00e3o, \u00e0 comiss\u00e3o t\u00e9cnica e \u00e0 popula\u00e7\u00e3o brasileira. \u201cAos meus amigos atletas e comiss\u00e3o t\u00e9cnica da Sele\u00e7\u00e3o, eu deixo a minha admira\u00e7\u00e3o, solidariedade e amor. A todos os brasileiros, eu desejo que a uni\u00e3o e o amor que nos une no esporte transcenda para a vida inteira. O sonho \u00e9 de todos n\u00f3s. Amor, amor e amor\u201d, finaliza a carta.<\/p>\n<h2>Interna\u00e7\u00e3o<\/h2>\n<p>Pel\u00e9 est\u00e1 internado no Hospital Israelita Albert Einstein, na capital paulista, desde o dia 29 de novembro para uma reavalia\u00e7\u00e3o da quimioterapia. O ex-jogador trata um tumor de c\u00f3lon, identificado em setembro de 2021.<\/p>\n<p>A retirada do tumor ocorreu em 4 de setembro de 2021. Desde ent\u00e3o, Pel\u00e9 \u00e9 submetido a um tratamento de quimioterapia, com idas regulares ao hospital.<\/p>\n<p>Segundo o boletim m\u00e9dico divulgado na \u00faltima segunda-feira (12), o ex-jogador de futebol, continuava apresentando melhora do estado cl\u00ednico, especialmente do quadro de infec\u00e7\u00e3o respirat\u00f3ria.<\/p>\n<p><span style=\"font-weight: 400;\">Fonte: Ag\u00eancia Brasil <\/span><\/p>\n","protected":false},"excerpt":{"rendered":"<p>O o ex-jogador de futebol Edson Arantes do Nascimento, o Pel\u00e9, divulgou carta aberta na sua conta do Instagram sobre a elimina\u00e7\u00e3o do Brasil da Copa do Mundo do Catar. \u201cApesar da dor que estamos sentindo com a nossa elimina\u00e7\u00e3o na Copa do Mundo, eu pe\u00e7o aos brasileiros que se lembrem do que nos trouxe [&hellip;]<\/p>\n","protected":false},"author":246,"featured_media":207977,"comment_status":"closed","ping_status":"closed","sticky":false,"template":"","format":"standard","meta":{"footnotes":""},"categories":[436,257,439],"tags":[],"class_list":["post-207976","post","type-post","status-publish","format-standard","has-post-thumbnail","hentry","category-destaque-da-semana","category-esporte","category-ultima-hora"],"_links":{"self":[{"href":"https:\/\/diarioregionaldigital.com.br\/index.php?rest_route=\/wp\/v2\/posts\/207976","targetHints":{"allow":["GET"]}}],"collection":[{"href":"https:\/\/diarioregionaldigital.com.br\/index.php?rest_route=\/wp\/v2\/posts"}],"about":[{"href":"https:\/\/diarioregionaldigital.com.br\/index.php?rest_route=\/wp\/v2\/types\/post"}],"author":[{"embeddable":true,"href":"https:\/\/diarioregionaldigital.com.br\/index.php?rest_route=\/wp\/v2\/users\/246"}],"replies":[{"embeddable":true,"href":"https:\/\/diarioregionaldigital.com.br\/index.php?rest_route=%2Fwp%2Fv2%2Fcomments&post=207976"}],"version-history":[{"count":1,"href":"https:\/\/diarioregionaldigital.com.br\/index.php?rest_route=\/wp\/v2\/posts\/207976\/revisions"}],"predecessor-version":[{"id":207978,"href":"https:\/\/diarioregionaldigital.com.br\/index.php?rest_route=\/wp\/v2\/posts\/207976\/revisions\/207978"}],"wp:featuredmedia":[{"embeddable":true,"href":"https:\/\/diarioregionaldigital.com.br\/index.php?rest_route=\/wp\/v2\/media\/207977"}],"wp:attachment":[{"href":"https:\/\/diarioregionaldigital.com.br\/index.php?rest_route=%2Fwp%2Fv2%2Fmedia&parent=207976"}],"wp:term":[{"taxonomy":"category","embeddable":true,"href":"https:\/\/diarioregionaldigital.com.br\/index.php?rest_route=%2Fwp%2Fv2%2Fcategories&post=207976"},{"taxonomy":"post_tag","embeddable":true,"href":"https:\/\/diarioregionaldigital.com.br\/index.php?rest_route=%2Fwp%2Fv2%2Ftags&post=207976"}],"curies":[{"name":"wp","href":"https:\/\/api.w.org\/{rel}","templated":true}]}}