{"id":207973,"date":"2022-12-19T17:37:24","date_gmt":"2022-12-19T20:37:24","guid":{"rendered":"https:\/\/diarioregionaldigital.com.br\/?p=207973"},"modified":"2022-12-19T17:37:24","modified_gmt":"2022-12-19T20:37:24","slug":"messi-e-convidado-a-eternizar-os-pes-na-calcada-da-fama-do-maracana","status":"publish","type":"post","link":"https:\/\/diarioregionaldigital.com.br\/?p=207973","title":{"rendered":"Messi \u00e9 convidado a eternizar os p\u00e9s na cal\u00e7ada da fama do Maracan\u00e3"},"content":{"rendered":"<p>O craque Lionel Messi, que liderou a conquista do tricampeonato mundial da sele\u00e7\u00e3o argentina no domingo (18), na Copa do Catar, ser\u00e1 convidado a eternizar os p\u00e9s na Cal\u00e7ada da Fama do Maracan\u00e3, o Est\u00e1dio Jornalista M\u00e1rio Filho, no Rio de Janeiro. \u00a0Por meio de publica\u00e7\u00e3o no Instagram nesta segunda-feira (19), a Superintend\u00eancia de Desportos do Estado do Rio de Janeiro (Suderj) anunciou a reitera\u00e7\u00e3o do convite oficial ao atacante argentino, em comunicado a ser enviado \u00e0 Federa\u00e7\u00e3o Argentina de Futebol (AFA). O primeiro aceno para que o\u00a0atacante gravasse os p\u00e9s no est\u00e1dio foi feito em 2019, quando Messi e a Albiceleste faturaram\u00a0a Copa Am\u00e9rica no Brasil.<img decoding=\"async\" src=\"https:\/\/agenciabrasil.ebc.com.br\/ebc.png?id=1499150&amp;o=node\" \/><img decoding=\"async\" src=\"https:\/\/agenciabrasil.ebc.com.br\/ebc.gif?id=1499150&amp;o=node\" \/><\/p>\n<blockquote><p>\u201cLionel Messi j\u00e1 demontrou dentro e fora de campo toda a sua import\u00e2ncia. \u00c9 um jogador que j\u00e1 est\u00e1 h\u00e1 anos no mais alto patamar da hist\u00f3ria do futebol. Essa conquista da Copa do Mundo \u00e9 s\u00f3 a coroa\u00e7\u00e3o de uma carreira linda e vitoriosa. E nada mais justo que o Maracan\u00e3 preste esta homenagem a ele. Afinal, Messi \u00e9 um g\u00eanio da bola\u201d, afirmou Adriano Santos, presidente da Suderj, autarquia do governo do estado do Rio de Janeiro, que administra o Maracan\u00e3, em parceria com Flamengo e Fluminense.<\/p><\/blockquote>\n<p>A cal\u00e7ada da fama no Maracan\u00e3 tem marcas de \u00edcones brasileiros do futebol mundial &#8211; Pel\u00e9, Garrincha, Rivelino e Ronaldo Fen\u00f4meno, entre outros \u2013 e um seleto grupo de sete estrangeiros:<strong>\u00a0<\/strong>Elias Figueroa (chileno), Alcides Ghiggia (uruguaio), Romerito (paraguaio), Petckovic (s\u00e9rvio), Eus\u00e9bio (portugu\u00eas), Loco Abreu (uruguaio) e Franz Beckenbaueer (alem\u00e3o).<\/p>\n<p><span style=\"font-weight: 400;\">Fonte: Ag\u00eancia Brasil <\/span><\/p>\n","protected":false},"excerpt":{"rendered":"<p>O craque Lionel Messi, que liderou a conquista do tricampeonato mundial da sele\u00e7\u00e3o argentina no domingo (18), na Copa do Catar, ser\u00e1 convidado a eternizar os p\u00e9s na Cal\u00e7ada da Fama do Maracan\u00e3, o Est\u00e1dio Jornalista M\u00e1rio Filho, no Rio de Janeiro. \u00a0Por meio de publica\u00e7\u00e3o no Instagram nesta segunda-feira (19), a Superintend\u00eancia de Desportos [&hellip;]<\/p>\n","protected":false},"author":246,"featured_media":207974,"comment_status":"closed","ping_status":"closed","sticky":false,"template":"","format":"standard","meta":{"footnotes":""},"categories":[436,440,257,439],"tags":[],"class_list":["post-207973","post","type-post","status-publish","format-standard","has-post-thumbnail","hentry","category-destaque-da-semana","category-destaques-do-dia","category-esporte","category-ultima-hora"],"_links":{"self":[{"href":"https:\/\/diarioregionaldigital.com.br\/index.php?rest_route=\/wp\/v2\/posts\/207973","targetHints":{"allow":["GET"]}}],"collection":[{"href":"https:\/\/diarioregionaldigital.com.br\/index.php?rest_route=\/wp\/v2\/posts"}],"about":[{"href":"https:\/\/diarioregionaldigital.com.br\/index.php?rest_route=\/wp\/v2\/types\/post"}],"author":[{"embeddable":true,"href":"https:\/\/diarioregionaldigital.com.br\/index.php?rest_route=\/wp\/v2\/users\/246"}],"replies":[{"embeddable":true,"href":"https:\/\/diarioregionaldigital.com.br\/index.php?rest_route=%2Fwp%2Fv2%2Fcomments&post=207973"}],"version-history":[{"count":1,"href":"https:\/\/diarioregionaldigital.com.br\/index.php?rest_route=\/wp\/v2\/posts\/207973\/revisions"}],"predecessor-version":[{"id":207975,"href":"https:\/\/diarioregionaldigital.com.br\/index.php?rest_route=\/wp\/v2\/posts\/207973\/revisions\/207975"}],"wp:featuredmedia":[{"embeddable":true,"href":"https:\/\/diarioregionaldigital.com.br\/index.php?rest_route=\/wp\/v2\/media\/207974"}],"wp:attachment":[{"href":"https:\/\/diarioregionaldigital.com.br\/index.php?rest_route=%2Fwp%2Fv2%2Fmedia&parent=207973"}],"wp:term":[{"taxonomy":"category","embeddable":true,"href":"https:\/\/diarioregionaldigital.com.br\/index.php?rest_route=%2Fwp%2Fv2%2Fcategories&post=207973"},{"taxonomy":"post_tag","embeddable":true,"href":"https:\/\/diarioregionaldigital.com.br\/index.php?rest_route=%2Fwp%2Fv2%2Ftags&post=207973"}],"curies":[{"name":"wp","href":"https:\/\/api.w.org\/{rel}","templated":true}]}}