{"id":207970,"date":"2022-12-19T17:25:37","date_gmt":"2022-12-19T20:25:37","guid":{"rendered":"https:\/\/diarioregionaldigital.com.br\/?p=207970"},"modified":"2022-12-19T17:25:37","modified_gmt":"2022-12-19T20:25:37","slug":"milicias-digitais-nao-influenciaram-eleicoes-diz-presidente-do-tse","status":"publish","type":"post","link":"https:\/\/diarioregionaldigital.com.br\/?p=207970","title":{"rendered":"Mil\u00edcias digitais n\u00e3o influenciaram elei\u00e7\u00f5es, diz presidente do TSE"},"content":{"rendered":"<p>As mil\u00edcias digitais n\u00e3o conseguiram influenciar as elei\u00e7\u00f5es deste ano, disse hoje (19) o presidente do Tribunal Superior Eleitoral (TSE), ministro Alexandre de Moraes. Ele participou da sess\u00e3o de encerramento das atividades do \u00f3rg\u00e3o em 2022 e apresentou um balan\u00e7o dos julgamentos e das decis\u00f5es deste ano.<img decoding=\"async\" src=\"https:\/\/agenciabrasil.ebc.com.br\/ebc.png?id=1499219&amp;o=node\" \/><img decoding=\"async\" src=\"https:\/\/agenciabrasil.ebc.com.br\/ebc.gif?id=1499219&amp;o=node\" \/><\/p>\n<p>Segundo Moraes, o processo eleitoral mostrou que a lei prevaleceu sobre a m\u00e1quina de desinforma\u00e7\u00e3o das redes sociais. Ele listou os tr\u00eas principais legados do TSE neste ano: o combate \u00e0s fake news, o refor\u00e7o \u00e0 proibi\u00e7\u00e3o de celulares nas cabines de vota\u00e7\u00e3o e a proibi\u00e7\u00e3o de porte de armas nos fins de semana de vota\u00e7\u00e3o.<\/p>\n<p>\u201cA arma no dia das elei\u00e7\u00f5es \u00e9 o voto. Este tribunal vedou a utiliza\u00e7\u00e3o de armas nas datas pr\u00f3ximas [\u00e0s vota\u00e7\u00f5es], demonstrando o acerto em garantir a paz e a tranquilidade da vota\u00e7\u00e3o. Deixou claro que o ass\u00e9dio eleitoral e o uso do celular para o ass\u00e9dio n\u00e3o combinam com a democracia\u201d, declarou Moraes.<\/p>\n<p>Para o magistrado, a uni\u00e3o entre os ministros do Supremo Tribunal Federal e entre o TSE e outras inst\u00e2ncias da Justi\u00e7a mostrou que a internet brasileira n\u00e3o est\u00e1 acima da lei. \u201cUma outra marca, talvez a mais importante, \u00e9 que a Justi\u00e7a brasileira e o Tribunal Superior Eleitoral demonstraram que, aqui no Brasil, as redes sociais n\u00e3o s\u00e3o terra sem lei. Aqui no Brasil, as mil\u00edcias digitais s\u00e3o combatidas e apenadas. N\u00e3o conseguiram e n\u00e3o conseguir\u00e3o influenciar negativamente as elei\u00e7\u00f5es\u201d, disse.<\/p>\n<p>A diploma\u00e7\u00e3o dos candidatos, que ocorreu no \u00faltimo dia 12 para presidente e ocorre hoje nos estados, disse Moraes, encerra o ciclo eleitoral. O presidente do TSE ressaltou que a queda na absten\u00e7\u00e3o entre o primeiro e o segundo turno das elei\u00e7\u00f5es indicam que o eleitor confia no processo eleitoral. Segundo ele, a alta presen\u00e7a mostrou que a popula\u00e7\u00e3o continua a confiar nas urnas eletr\u00f4nicas e na democracia.<\/p>\n<p>O vice-presidente do TSE, ministro Ricardo Lewandowski, elogiou a atua\u00e7\u00e3o de Moraes no comando do \u00f3rg\u00e3o, principalmente no impedimento de coa\u00e7\u00f5es eleitorais e na restri\u00e7\u00e3o do direito \u201cde ir e vir dos eleitores\u201d, em refer\u00eancia a atua\u00e7\u00e3o da Pol\u00edcia Rodovi\u00e1ria Federal em algumas estradas no Nordeste no segundo turno das elei\u00e7\u00f5es.<\/p>\n<p>\u201cCombatemos com muita \u00eanfase atos antidemocr\u00e1ticos que pudessem tumultuar as elei\u00e7\u00f5es. Principalmente no \u00faltimo dia, e todos somos testemunhas do esfor\u00e7o de Vossa Excel\u00eancia [Alexandre de Moraes], impedimos que grupos antidemocr\u00e1ticos impedissem a liberdade de ir e vir dos eleitores\u201d, disse Lewandowski.<\/p>\n<p><span style=\"font-weight: 400;\">Fonte: Ag\u00eancia Brasil <\/span><\/p>\n","protected":false},"excerpt":{"rendered":"<p>As mil\u00edcias digitais n\u00e3o conseguiram influenciar as elei\u00e7\u00f5es deste ano, disse hoje (19) o presidente do Tribunal Superior Eleitoral (TSE), ministro Alexandre de Moraes. Ele participou da sess\u00e3o de encerramento das atividades do \u00f3rg\u00e3o em 2022 e apresentou um balan\u00e7o dos julgamentos e das decis\u00f5es deste ano. Segundo Moraes, o processo eleitoral mostrou que a [&hellip;]<\/p>\n","protected":false},"author":246,"featured_media":207971,"comment_status":"closed","ping_status":"closed","sticky":false,"template":"","format":"standard","meta":{"footnotes":""},"categories":[436,254,439],"tags":[],"class_list":["post-207970","post","type-post","status-publish","format-standard","has-post-thumbnail","hentry","category-destaque-da-semana","category-politica","category-ultima-hora"],"_links":{"self":[{"href":"https:\/\/diarioregionaldigital.com.br\/index.php?rest_route=\/wp\/v2\/posts\/207970","targetHints":{"allow":["GET"]}}],"collection":[{"href":"https:\/\/diarioregionaldigital.com.br\/index.php?rest_route=\/wp\/v2\/posts"}],"about":[{"href":"https:\/\/diarioregionaldigital.com.br\/index.php?rest_route=\/wp\/v2\/types\/post"}],"author":[{"embeddable":true,"href":"https:\/\/diarioregionaldigital.com.br\/index.php?rest_route=\/wp\/v2\/users\/246"}],"replies":[{"embeddable":true,"href":"https:\/\/diarioregionaldigital.com.br\/index.php?rest_route=%2Fwp%2Fv2%2Fcomments&post=207970"}],"version-history":[{"count":1,"href":"https:\/\/diarioregionaldigital.com.br\/index.php?rest_route=\/wp\/v2\/posts\/207970\/revisions"}],"predecessor-version":[{"id":207972,"href":"https:\/\/diarioregionaldigital.com.br\/index.php?rest_route=\/wp\/v2\/posts\/207970\/revisions\/207972"}],"wp:featuredmedia":[{"embeddable":true,"href":"https:\/\/diarioregionaldigital.com.br\/index.php?rest_route=\/wp\/v2\/media\/207971"}],"wp:attachment":[{"href":"https:\/\/diarioregionaldigital.com.br\/index.php?rest_route=%2Fwp%2Fv2%2Fmedia&parent=207970"}],"wp:term":[{"taxonomy":"category","embeddable":true,"href":"https:\/\/diarioregionaldigital.com.br\/index.php?rest_route=%2Fwp%2Fv2%2Fcategories&post=207970"},{"taxonomy":"post_tag","embeddable":true,"href":"https:\/\/diarioregionaldigital.com.br\/index.php?rest_route=%2Fwp%2Fv2%2Ftags&post=207970"}],"curies":[{"name":"wp","href":"https:\/\/api.w.org\/{rel}","templated":true}]}}