{"id":207961,"date":"2022-12-19T17:19:20","date_gmt":"2022-12-19T20:19:20","guid":{"rendered":"https:\/\/diarioregionaldigital.com.br\/?p=207961"},"modified":"2022-12-19T17:19:20","modified_gmt":"2022-12-19T20:19:20","slug":"congresso-convocou-parlamentares-para-posse-de-lula-e-alckmin","status":"publish","type":"post","link":"https:\/\/diarioregionaldigital.com.br\/?p=207961","title":{"rendered":"Congresso convocou parlamentares para posse de Lula e Alckmin"},"content":{"rendered":"<p>O<em>\u00a0<a href=\"https:\/\/www.in.gov.br\/en\/web\/dou\/-\/ato-convocatorio-451601235\" target=\"_blank\" rel=\"noopener\">Di\u00e1rio Oficial da Uni\u00e3o<\/a><\/em>\u00a0desta segunda-feira publica\u00a0a convoca\u00e7\u00e3o de deputados e senadores para a sess\u00e3o solene de posse do presidente eleito, Luiz In\u00e1cio Lula da Silva, e do vice-presidente, Geraldo Alckmin, no dia 1\u00ba de janeiro.<img decoding=\"async\" src=\"https:\/\/agenciabrasil.ebc.com.br\/ebc.png?id=1499091&amp;o=node\" \/><img decoding=\"async\" src=\"https:\/\/agenciabrasil.ebc.com.br\/ebc.gif?id=1499091&amp;o=node\" \/><\/p>\n<p>No ato convocat\u00f3rio, o presidente do Senado e do Congresso Nacional, senador Rodrigo Pacheco (PSD-MG), diz que o ritual da posse nos novos cargos\u00a0&#8211; juramento e assinatura do termo de posse &#8211; ser\u00e1 \u00e0s 15h no plen\u00e1rio da C\u00e2mara dos Deputados.<\/p>\n<p><span style=\"font-weight: 400;\"><br \/>\n<\/span><span style=\"font-weight: 400;\">Fonte: Ag\u00eancia Brasil <\/span><\/p>\n","protected":false},"excerpt":{"rendered":"<p>O\u00a0Di\u00e1rio Oficial da Uni\u00e3o\u00a0desta segunda-feira publica\u00a0a convoca\u00e7\u00e3o de deputados e senadores para a sess\u00e3o solene de posse do presidente eleito, Luiz In\u00e1cio Lula da Silva, e do vice-presidente, Geraldo Alckmin, no dia 1\u00ba de janeiro. No ato convocat\u00f3rio, o presidente do Senado e do Congresso Nacional, senador Rodrigo Pacheco (PSD-MG), diz que o ritual da [&hellip;]<\/p>\n","protected":false},"author":246,"featured_media":207962,"comment_status":"closed","ping_status":"closed","sticky":false,"template":"","format":"standard","meta":{"footnotes":""},"categories":[436,440,254,439],"tags":[],"class_list":["post-207961","post","type-post","status-publish","format-standard","has-post-thumbnail","hentry","category-destaque-da-semana","category-destaques-do-dia","category-politica","category-ultima-hora"],"_links":{"self":[{"href":"https:\/\/diarioregionaldigital.com.br\/index.php?rest_route=\/wp\/v2\/posts\/207961","targetHints":{"allow":["GET"]}}],"collection":[{"href":"https:\/\/diarioregionaldigital.com.br\/index.php?rest_route=\/wp\/v2\/posts"}],"about":[{"href":"https:\/\/diarioregionaldigital.com.br\/index.php?rest_route=\/wp\/v2\/types\/post"}],"author":[{"embeddable":true,"href":"https:\/\/diarioregionaldigital.com.br\/index.php?rest_route=\/wp\/v2\/users\/246"}],"replies":[{"embeddable":true,"href":"https:\/\/diarioregionaldigital.com.br\/index.php?rest_route=%2Fwp%2Fv2%2Fcomments&post=207961"}],"version-history":[{"count":1,"href":"https:\/\/diarioregionaldigital.com.br\/index.php?rest_route=\/wp\/v2\/posts\/207961\/revisions"}],"predecessor-version":[{"id":207963,"href":"https:\/\/diarioregionaldigital.com.br\/index.php?rest_route=\/wp\/v2\/posts\/207961\/revisions\/207963"}],"wp:featuredmedia":[{"embeddable":true,"href":"https:\/\/diarioregionaldigital.com.br\/index.php?rest_route=\/wp\/v2\/media\/207962"}],"wp:attachment":[{"href":"https:\/\/diarioregionaldigital.com.br\/index.php?rest_route=%2Fwp%2Fv2%2Fmedia&parent=207961"}],"wp:term":[{"taxonomy":"category","embeddable":true,"href":"https:\/\/diarioregionaldigital.com.br\/index.php?rest_route=%2Fwp%2Fv2%2Fcategories&post=207961"},{"taxonomy":"post_tag","embeddable":true,"href":"https:\/\/diarioregionaldigital.com.br\/index.php?rest_route=%2Fwp%2Fv2%2Ftags&post=207961"}],"curies":[{"name":"wp","href":"https:\/\/api.w.org\/{rel}","templated":true}]}}