{"id":207943,"date":"2022-12-18T06:00:53","date_gmt":"2022-12-18T09:00:53","guid":{"rendered":"https:\/\/diarioregionaldigital.com.br\/?p=207943"},"modified":"2022-12-16T21:55:45","modified_gmt":"2022-12-17T00:55:45","slug":"drummond-e-o-futebol","status":"publish","type":"post","link":"https:\/\/diarioregionaldigital.com.br\/?p=207943","title":{"rendered":"Drummond e o Futebol"},"content":{"rendered":"<p>Foi uma pena o poeta mineiro Carlos Drummond de Andrade n\u00e3o ter desejado entrar para a Academia Brasileira de Letras. Dizia que n\u00e3o tinha jeito para pedir votos. Comigo chegou a encrencar, uma vez, porque n\u00e3o votei num amigo dele para ganhar o Pr\u00eamio Golfinho de Ouro. Eu n\u00e3o sabia deste seu empenho.<\/p>\n<p>Contei essa hist\u00f3ria no programa \u201cGlobo Esportes\u201d, enquanto o ex-craque J\u00fanior falava de outras coisas, ligadas ao livro \u201cQuando \u00e9 dia de futebol\u201d, com as cr\u00f4nicas do Correio da Manh\u00e3 e do Jornal do Brasil, escritas pelo grande poeta. Edi\u00e7\u00e3o da Companhia das\u00a0 Letras.<\/p>\n<p>Ali\u00e1s, quero recordar alguns epis\u00f3dios dos tempos de cronista do Drummond, vasca\u00edno doente e mais doente ainda torcedor do Atl\u00e9tico Mineiro. Ele acompanhava com grande interesse a sele\u00e7\u00e3o brasileira de todas as Copas disputadas a partir de 1958, quando vencemos na Su\u00e9cia. F\u00e3 incondicional do Pel\u00e9, sempre elogiou a cuca do Zagallo, meu amigo dos tempos do Am\u00e9rica F.C., na rua Campos Sales.<\/p>\n<p>Em \u201cPoesia errante\u201d, ele disse que futebol se joga na alma. E que espi\u00e1vamos por uma frincha, rosa aberta ao p\u00e9 de Garrincha, \u00a0pois \u201ca beleza \u00e9 gra\u00e7a divina\u201d. Para cada jogador, uma frase sens\u00edvel e inteligente.<\/p>\n<p>O lexic\u00f3logo Evanildo\u00a0 Bechara me pediu o livro do Drummond, em que colho mais essa frase: \u201cO futebol trouxe ao prolet\u00e1rio urbano e rural a chave do autoconhecimento, habilitando-o a uma ascens\u00e3o a que o simples trabalho n\u00e3o dera ensejo.\u201d \u00c9 claro que \u00a0vou ceder \u00a0essa preciosidade ao amigo de longa data.<\/p>\n<p>Mais adiante, Drummond fala de Garrincha e de Jo\u00e3o Havelanche. E diz essa verdade: \u201cSomos campe\u00f5es do mundo, mas isso n\u00e3o nos deve torturar mais do que, por exemplo, as mis\u00e9rias do subdesenvolvimento. O campe\u00e3o n\u00e3o \u00e9 campe\u00e3o 24\u00a0 horas por dia.\u201d<\/p>\n<p>Ele faz da sele\u00e7\u00e3o campe\u00e3 do mundo um verdadeiro minist\u00e9rio: \u201cUm velhinho sabido como Nilton Santos fica certo na Justi\u00e7a, para distribu\u00ed-la ou neg\u00e1-la como de\u00a0 mister, impor respeito e conduzir o jogo pol\u00edtico.\u201d Disse ele que quando era garoto adorava futebol de bot\u00e3o: \u201cUm dia, acabei com os bot\u00f5es do quarto de costura de mam\u00e3e, e n\u00e3o havia outros em casa.\u201d<\/p>\n<p>E assim segue Drummond nas suas incr\u00edveis reminisc\u00eancias.<\/p>\n","protected":false},"excerpt":{"rendered":"<p>Foi uma pena o poeta mineiro Carlos Drummond de Andrade n\u00e3o ter desejado entrar para a Academia Brasileira de Letras. Dizia que n\u00e3o tinha jeito para pedir votos. Comigo chegou a encrencar, uma vez, porque n\u00e3o votei num amigo dele para ganhar o Pr\u00eamio Golfinho de Ouro. Eu n\u00e3o sabia deste seu empenho. Contei essa [&hellip;]<\/p>\n","protected":false},"author":96,"featured_media":0,"comment_status":"closed","ping_status":"closed","sticky":false,"template":"","format":"standard","meta":{"footnotes":""},"categories":[275],"tags":[],"class_list":["post-207943","post","type-post","status-publish","format-standard","hentry","category-arnaldo-niskier"],"_links":{"self":[{"href":"https:\/\/diarioregionaldigital.com.br\/index.php?rest_route=\/wp\/v2\/posts\/207943","targetHints":{"allow":["GET"]}}],"collection":[{"href":"https:\/\/diarioregionaldigital.com.br\/index.php?rest_route=\/wp\/v2\/posts"}],"about":[{"href":"https:\/\/diarioregionaldigital.com.br\/index.php?rest_route=\/wp\/v2\/types\/post"}],"author":[{"embeddable":true,"href":"https:\/\/diarioregionaldigital.com.br\/index.php?rest_route=\/wp\/v2\/users\/96"}],"replies":[{"embeddable":true,"href":"https:\/\/diarioregionaldigital.com.br\/index.php?rest_route=%2Fwp%2Fv2%2Fcomments&post=207943"}],"version-history":[{"count":1,"href":"https:\/\/diarioregionaldigital.com.br\/index.php?rest_route=\/wp\/v2\/posts\/207943\/revisions"}],"predecessor-version":[{"id":207944,"href":"https:\/\/diarioregionaldigital.com.br\/index.php?rest_route=\/wp\/v2\/posts\/207943\/revisions\/207944"}],"wp:attachment":[{"href":"https:\/\/diarioregionaldigital.com.br\/index.php?rest_route=%2Fwp%2Fv2%2Fmedia&parent=207943"}],"wp:term":[{"taxonomy":"category","embeddable":true,"href":"https:\/\/diarioregionaldigital.com.br\/index.php?rest_route=%2Fwp%2Fv2%2Fcategories&post=207943"},{"taxonomy":"post_tag","embeddable":true,"href":"https:\/\/diarioregionaldigital.com.br\/index.php?rest_route=%2Fwp%2Fv2%2Ftags&post=207943"}],"curies":[{"name":"wp","href":"https:\/\/api.w.org\/{rel}","templated":true}]}}