{"id":207936,"date":"2022-12-16T17:57:14","date_gmt":"2022-12-16T20:57:14","guid":{"rendered":"https:\/\/diarioregionaldigital.com.br\/?p=207936"},"modified":"2022-12-16T17:57:14","modified_gmt":"2022-12-16T20:57:14","slug":"pjf-comeca-a-implementar-lampadas-de-led-na-av-olegario-maciel-nesta-sexta-16","status":"publish","type":"post","link":"https:\/\/diarioregionaldigital.com.br\/?p=207936","title":{"rendered":"PJF come\u00e7a a implementar l\u00e2mpadas de LED na Av. Oleg\u00e1rio Maciel nesta sexta, 16"},"content":{"rendered":"<p>Segundo informa\u00e7\u00f5es do site da Prefeitura de Juiz de Fora (PJF), o projeto Brilha JF, que \u00e9 parte do Programa Boniteza da Prefeitura de Juiz de Fora (PJF), come\u00e7a nesta sexta-feira, 16, a implementa\u00e7\u00e3o das lumin\u00e1rias em LED na Avenida Oleg\u00e1rio Maciel. A iniciativa deixar\u00e1 a avenida at\u00e9 80% mais iluminada.<br \/>\nSer\u00e3o utilizadas 88 lumin\u00e1rias de LED, instaladas pelo Setor El\u00e9trico da Secretaria de Obras (SO), em toda a extens\u00e3o da via. A expectativa \u00e9 de que os trabalhos fiquem prontos at\u00e9 o final da pr\u00f3xima semana.<br \/>\n<strong>Projeto Boniteza<\/strong><br \/>\nAs a\u00e7\u00f5es da Secretaria de Obras (SO) s\u00e3o realizadas atrav\u00e9s do Gabinete de A\u00e7\u00e3o e Di\u00e1logo Comunit\u00e1rio, que recebe demandas de melhorias urbanas pelo n\u00famero (32) 3690-7241, por liga\u00e7\u00e3o ou WhatsApp.<br \/>\nNo site do gabinete, est\u00e3o dispon\u00edveis informa\u00e7\u00f5es atualizadas diariamente sobre os servi\u00e7os realizados pelas secretarias de Obras; de Sustentabilidade em Meio Ambiente e Atividades Urbanas (Sesmaur); de Mobilidade Urbana (SMU); e pela Empresa Municipal de Pavimenta\u00e7\u00e3o e Urbaniza\u00e7\u00e3o (Empav); Departamento Municipal de Limpeza Urbana (Demlurb); e Companhia de Saneamento Municipal (Cesama).<\/p>\n","protected":false},"excerpt":{"rendered":"<p>Segundo informa\u00e7\u00f5es do site da Prefeitura de Juiz de Fora (PJF), o projeto Brilha JF, que \u00e9 parte do Programa Boniteza da Prefeitura de Juiz de Fora (PJF), come\u00e7a nesta sexta-feira, 16, a implementa\u00e7\u00e3o das lumin\u00e1rias em LED na Avenida Oleg\u00e1rio Maciel. A iniciativa deixar\u00e1 a avenida at\u00e9 80% mais iluminada. Ser\u00e3o utilizadas 88 lumin\u00e1rias [&hellip;]<\/p>\n","protected":false},"author":246,"featured_media":207937,"comment_status":"closed","ping_status":"closed","sticky":false,"template":"","format":"standard","meta":{"footnotes":""},"categories":[253,436,439],"tags":[],"class_list":["post-207936","post","type-post","status-publish","format-standard","has-post-thumbnail","hentry","category-cidade","category-destaque-da-semana","category-ultima-hora"],"_links":{"self":[{"href":"https:\/\/diarioregionaldigital.com.br\/index.php?rest_route=\/wp\/v2\/posts\/207936","targetHints":{"allow":["GET"]}}],"collection":[{"href":"https:\/\/diarioregionaldigital.com.br\/index.php?rest_route=\/wp\/v2\/posts"}],"about":[{"href":"https:\/\/diarioregionaldigital.com.br\/index.php?rest_route=\/wp\/v2\/types\/post"}],"author":[{"embeddable":true,"href":"https:\/\/diarioregionaldigital.com.br\/index.php?rest_route=\/wp\/v2\/users\/246"}],"replies":[{"embeddable":true,"href":"https:\/\/diarioregionaldigital.com.br\/index.php?rest_route=%2Fwp%2Fv2%2Fcomments&post=207936"}],"version-history":[{"count":1,"href":"https:\/\/diarioregionaldigital.com.br\/index.php?rest_route=\/wp\/v2\/posts\/207936\/revisions"}],"predecessor-version":[{"id":207938,"href":"https:\/\/diarioregionaldigital.com.br\/index.php?rest_route=\/wp\/v2\/posts\/207936\/revisions\/207938"}],"wp:featuredmedia":[{"embeddable":true,"href":"https:\/\/diarioregionaldigital.com.br\/index.php?rest_route=\/wp\/v2\/media\/207937"}],"wp:attachment":[{"href":"https:\/\/diarioregionaldigital.com.br\/index.php?rest_route=%2Fwp%2Fv2%2Fmedia&parent=207936"}],"wp:term":[{"taxonomy":"category","embeddable":true,"href":"https:\/\/diarioregionaldigital.com.br\/index.php?rest_route=%2Fwp%2Fv2%2Fcategories&post=207936"},{"taxonomy":"post_tag","embeddable":true,"href":"https:\/\/diarioregionaldigital.com.br\/index.php?rest_route=%2Fwp%2Fv2%2Ftags&post=207936"}],"curies":[{"name":"wp","href":"https:\/\/api.w.org\/{rel}","templated":true}]}}