{"id":207933,"date":"2022-12-16T17:54:23","date_gmt":"2022-12-16T20:54:23","guid":{"rendered":"https:\/\/diarioregionaldigital.com.br\/?p=207933"},"modified":"2022-12-16T17:54:23","modified_gmt":"2022-12-16T20:54:23","slug":"projetos-da-pjf-auxiliam-instalacao-de-investimento-de-r12-milhoes-inaugurado-nesta-sexta-16","status":"publish","type":"post","link":"https:\/\/diarioregionaldigital.com.br\/?p=207933","title":{"rendered":"Projetos da PJF auxiliam instala\u00e7\u00e3o de investimento de R$12 milh\u00f5es inaugurado nesta sexta, 16"},"content":{"rendered":"<p>Segundo informa\u00e7\u00f5es do site da Prefeitura de Juiz de Fora (PJF), inaugurado nesta sexta-feira, 16, no Santa Cruz Shopping, na\u00a0Rua S\u00e3o Sebasti\u00e3o, 516, Centro, o Tubar\u00e3o Atacad\u00e3o investiu cerca de R$12 milh\u00f5es em um empreendimento de seis mil metros quadrados, entre loja e estoque, na regi\u00e3o central de Juiz de Fora . A instala\u00e7\u00e3o contou com o fundamental apoio da Prefeitura de Juiz de Fora (PJF), por meio de projetos como o \u201cDesenrola Juiz de Fora\u201d, a Sala do Empreendedor e o \u201cEspa\u00e7o Emprego JF\u201d.<\/p>\n<p>\u201c\u00c9 muito importante a chegada do Tubar\u00e3o Atacad\u00e3o por v\u00e1rios motivos. Os empregos gerados, a arrecada\u00e7\u00e3o que vai trazer para o munic\u00edpio, mas tem um elemento especial que \u00e9 a revitaliza\u00e7\u00e3o de uma \u00e1rea do Centro da cidade que estava degradada. O shopping Santa Cruz passa a ganhar condi\u00e7\u00f5es de operar a pleno vapor e com mais qualidade, e o entorno da regi\u00e3o tamb\u00e9m vai ser revitalizado, com a melhora das condi\u00e7\u00f5es de frequ\u00eancia na pra\u00e7a Riachuelo e em toda essa regi\u00e3o\u201d, avalia o secret\u00e1rio de\u00a0de Desenvolvimento Sustent\u00e1vel e Inclusivo, da Inova\u00e7\u00e3o e Competitividade (Sedic), Ignacio Delgado.<\/p>\n<p>Por meio do \u201cDesenrola, Juiz de Fora\u201d e da Sala do Empreendedor, a Prefeitura auxiliou o Tubar\u00e3o com informa\u00e7\u00f5es e agilidade na emiss\u00e3o das licen\u00e7as necess\u00e1rias para a opera\u00e7\u00e3o da loja. Para o diretor comercial da empresa, Eduardo Rocha, o Munic\u00edpio teve um papel primordial. \u201cCedeu todas as assist\u00eancias poss\u00edveis, participou do processo de sele\u00e7\u00e3o dos nossos funcion\u00e1rios, tudo o que a gente precisou, fomos atendidos de imediato\u201d, lembra. \u201c\u00c9 uma loja de tr\u00eas mil metros quadrados, mais de 150 funcion\u00e1rios e 150 mil itens para casa para pessoa f\u00edsica e lojistas\u201d.<\/p>\n<p>Alair de Moura, gerente de compras e expans\u00e3o da empresa, avalia que a parceria com o Munic\u00edpio deu certo. \u201cQuando cheguei em Juiz de Fora, h\u00e1 um ano, o ponto era um galp\u00e3o abandonado h\u00e1 mais de dez anos. Vimos uma chance de trazer para a cidade um empreendimento com a caracter\u00edstica de ter tudo para o lar, junto a uma necessidade do shopping de ter uma loja \u00e2ncora, que trouxesse mais p\u00fablico. Conseguimos trazer com a ajuda da Prefeitura. Agora, queremos mudar um pouco o conceito do Centro da cidade, porque as pessoas est\u00e3o \u00e0 procura de lojas abertas para comprar\u201d.<\/p>\n<p><strong>Contratados no \u201cEspa\u00e7o Emprego JF\u201d<\/strong><\/p>\n<p>Inscrito em chamada p\u00fablica para a primeira edi\u00e7\u00e3o do projeto \u201cEspa\u00e7o Emprego JF\u201d, o Tubar\u00e3o Atacad\u00e3o tamb\u00e9m contou com a parceria da Prefeitura na contrata\u00e7\u00e3o de todo o quadro de funcion\u00e1rios. O mutir\u00e3o foi\u00a0<strong><a href=\"https:\/\/www.pjf.mg.gov.br\/noticias\/view.php?modo=link2&amp;idnoticia2=77533\"><u>realizado no dia 26 de outubro<\/u><\/a><\/strong>, com vagas para diversos cargos e escolaridade.<\/p>\n<p>Leonardo Sacramento dos Santos foi um dos contratados como gerente da unidade. Ficou sabendo da a\u00e7\u00e3o pelas redes sociais. \u201cVim para a cidade trabalhar em uma outra empresa. Fiquei tr\u00eas anos em Juiz de Fora e voltei para o Rio. N\u00e3o me adaptei e voltei para Juiz de Fora, para morar e construir fam\u00edlia. Quando eu vi o processo seletivo do Tubar\u00e3o fiquei interessado, me inscrevi, fiquei na fila, entreguei o curr\u00edculo e foi amor \u00e0 primeira vista. O RH pediu para eu aguardar e fazer a entrevista depois. Fiquei quatro horas aguardando, apertamos as m\u00e3os e o gerente disse: \u2018Voc\u00ea est\u00e1 na equipe\u2019\u201d, lembra.<\/p>\n<p>Depois do contato inicial, Leonardo foi para o Rio conhecer a empresa. \u201cParticipei da inaugura\u00e7\u00e3o da Ilha (do Governador) e voltei para dar in\u00edcio ao processo. Participei do processo seletivo de alguns colaboradores. No dia 7 de novembro j\u00e1 estava treinando para a inaugura\u00e7\u00e3o da loja\u201d, conta.<\/p>\n<p>Evandro Bonsanto Barcelos participou do mutir\u00e3o e foi contratado como l\u00edder de merchandising. \u201cSoube da a\u00e7\u00e3o pela internet, me interessei pela grande variedade de vagas, algumas na minha \u00e1rea, e deixei o curr\u00edculo. Participei de todo o processo seletivo. Depois, em duas semanas, j\u00e1 entraram em contato para que eu fosse fazer o treinamento no Rio. Sou de Juiz de Fora e formado em Marketing. Estava em processo de desligamento do meu antigo emprego e j\u00e1 procurando um novo\u201d.<\/p>\n<p>O Espa\u00e7o Emprego JF integra as a\u00e7\u00f5es da Sedic no programa \u201cGerA\u00c7\u00c3O JF \u2013 Emprego, Renda e Neg\u00f3cios\u201d. Para participar, a empresa interessada deve participar de chamadas p\u00fablicas, divulgadas no portal da PJF.<\/p>\n","protected":false},"excerpt":{"rendered":"<p>Segundo informa\u00e7\u00f5es do site da Prefeitura de Juiz de Fora (PJF), inaugurado nesta sexta-feira, 16, no Santa Cruz Shopping, na\u00a0Rua S\u00e3o Sebasti\u00e3o, 516, Centro, o Tubar\u00e3o Atacad\u00e3o investiu cerca de R$12 milh\u00f5es em um empreendimento de seis mil metros quadrados, entre loja e estoque, na regi\u00e3o central de Juiz de Fora . A instala\u00e7\u00e3o contou [&hellip;]<\/p>\n","protected":false},"author":246,"featured_media":207934,"comment_status":"closed","ping_status":"closed","sticky":false,"template":"","format":"standard","meta":{"footnotes":""},"categories":[253,436,439],"tags":[],"class_list":["post-207933","post","type-post","status-publish","format-standard","has-post-thumbnail","hentry","category-cidade","category-destaque-da-semana","category-ultima-hora"],"_links":{"self":[{"href":"https:\/\/diarioregionaldigital.com.br\/index.php?rest_route=\/wp\/v2\/posts\/207933","targetHints":{"allow":["GET"]}}],"collection":[{"href":"https:\/\/diarioregionaldigital.com.br\/index.php?rest_route=\/wp\/v2\/posts"}],"about":[{"href":"https:\/\/diarioregionaldigital.com.br\/index.php?rest_route=\/wp\/v2\/types\/post"}],"author":[{"embeddable":true,"href":"https:\/\/diarioregionaldigital.com.br\/index.php?rest_route=\/wp\/v2\/users\/246"}],"replies":[{"embeddable":true,"href":"https:\/\/diarioregionaldigital.com.br\/index.php?rest_route=%2Fwp%2Fv2%2Fcomments&post=207933"}],"version-history":[{"count":1,"href":"https:\/\/diarioregionaldigital.com.br\/index.php?rest_route=\/wp\/v2\/posts\/207933\/revisions"}],"predecessor-version":[{"id":207935,"href":"https:\/\/diarioregionaldigital.com.br\/index.php?rest_route=\/wp\/v2\/posts\/207933\/revisions\/207935"}],"wp:featuredmedia":[{"embeddable":true,"href":"https:\/\/diarioregionaldigital.com.br\/index.php?rest_route=\/wp\/v2\/media\/207934"}],"wp:attachment":[{"href":"https:\/\/diarioregionaldigital.com.br\/index.php?rest_route=%2Fwp%2Fv2%2Fmedia&parent=207933"}],"wp:term":[{"taxonomy":"category","embeddable":true,"href":"https:\/\/diarioregionaldigital.com.br\/index.php?rest_route=%2Fwp%2Fv2%2Fcategories&post=207933"},{"taxonomy":"post_tag","embeddable":true,"href":"https:\/\/diarioregionaldigital.com.br\/index.php?rest_route=%2Fwp%2Fv2%2Ftags&post=207933"}],"curies":[{"name":"wp","href":"https:\/\/api.w.org\/{rel}","templated":true}]}}