{"id":207930,"date":"2022-12-16T17:53:02","date_gmt":"2022-12-16T20:53:02","guid":{"rendered":"https:\/\/diarioregionaldigital.com.br\/?p=207930"},"modified":"2022-12-16T17:53:02","modified_gmt":"2022-12-16T20:53:02","slug":"prefeitura-e-ufjf-realizam-feira-de-cultura-de-paz","status":"publish","type":"post","link":"https:\/\/diarioregionaldigital.com.br\/?p=207930","title":{"rendered":"Prefeitura e UFJF realizam Feira de Cultura de Paz"},"content":{"rendered":"<p>Segundo informa\u00e7\u00f5es do site da Prefeitura de Juiz de Fora (PJF), quem passar pelo Cal\u00e7ad\u00e3o da Rua Halfeld na pr\u00f3xima segunda-feira, 19, vai poder conferir os trabalhos que v\u00eam sendo feitos no munic\u00edpio para a preven\u00e7\u00e3o das viol\u00eancias e prote\u00e7\u00e3o \u00e0s suas v\u00edtimas. A \u201cFeira da Cultura de Paz\u201d ser\u00e1 montada na Pra\u00e7a\u00a0 Dr. Jo\u00e3o Pessoa, em frente ao Cine Theatro Central, a partir das 13h. Nela, diversos servi\u00e7os de apoio e atendimento mostram suas a\u00e7\u00f5es e oferecem orienta\u00e7\u00f5es aos interessados.<\/p>\n<p>A Universidade Federal de Juiz de Fora (UFJF), parceira do N\u00facleo, participa da feira com a r\u00e1dio Cultura de Paz, com transmiss\u00e3o direto do local. Haver\u00e1 apresenta\u00e7\u00e3o de roda de percuss\u00e3o com jovens do programa Fica Vivo.\u00a0O evento, promovido pelo N\u00facleo Intersetorial de Preven\u00e7\u00e3o da Viol\u00eancia e Promo\u00e7\u00e3o da Paz, objetiva expor ao p\u00fablico projetos desenvolvidos, ampliando o conhecimento sobre a rede de enfrentamento \u00e0s viol\u00eancias, com a perspectiva de reduzir a incid\u00eancia de casos na cidade.<\/p>\n<p>Realizar a feira, em ponto central da cidade, tem import\u00e2ncia estrat\u00e9gica. \u201c\u00c9 fundamental para alcan\u00e7ar pessoas de diversas regi\u00f5es e classes sociais, que estar\u00e3o se movimentando por al\u00ed e divulgar os servi\u00e7os que oferecem apoio e atendimento a pessoas em situa\u00e7\u00e3o de viol\u00eancia, bem como para promovermos o empoderamento da popula\u00e7\u00e3o com informa\u00e7\u00f5es sobre os tipos de viol\u00eancias mais comuns, viola\u00e7\u00e3o de direitos e fluxo de atendimento e den\u00fancia\u201d explica o supervisor do setor de Doen\u00e7as e Agravos N\u00e3o Transmiss\u00edveis (SDANT), da Secretaria de Sa\u00fade (SS), Fabr\u00edcio Luis da Silva,<\/p>\n<p>Entre os setores presentes, a\u00a0Subsecretaria de Vigil\u00e2ncia em Sa\u00fade, da Secretaria de Sa\u00fade (SS); a Casa da Mulher, da Secretaria Especial de Direitos Humanos (SEDH); a Guarda Municipal, da Secretaria de Seguran\u00e7a Urbana e Cidadania (Sesuc) e seus projetos em parceria com a Secretaria de Educa\u00e7\u00e3o (SE). Participam tamb\u00e9m as Secretarias de Assist\u00eancia Social (SAS), Esporte e Lazer (SEL), Mobilidade Urbana (SMU), o Conselho Municipal dos Direitos do Idoso, o Conselho Municipal da Crian\u00e7a e do Adolescente e o Conselho Municipal de Seguran\u00e7a Urbana e Cidadania.<\/p>\n<p>Implantado por meio do decreto N\u00ba 15.034, assinado em 18 de fevereiro pela prefeita Margarida Salom\u00e3o, o N\u00facleo Intersetorial de Preven\u00e7\u00e3o da Viol\u00eancia e Promo\u00e7\u00e3o da Paz de Juiz de Fora re\u00fane diferentes setores e \u00f3rg\u00e3os, para trabalharem pela constru\u00e7\u00e3o de pol\u00edticas de enfrentamento, preven\u00e7\u00e3o e aten\u00e7\u00e3o ao fen\u00f4meno da viol\u00eancia. A\u00e7\u00f5es interinstitucionais v\u00eam sendo desenvolvidas, com vistas a melhor apura\u00e7\u00e3o de dados, compreens\u00e3o e direcionamento de atua\u00e7\u00e3o mais efetiva sobre a tem\u00e1tica.<\/p>\n<p>Durante o ano de 2022, uma parceria entre a Prefeitura e a UFJF viabilizou o\u00a0\u00a0projeto &#8220;Cultura de Paz e Preven\u00e7\u00e3o das Viol\u00eancias: tecendo redes&#8221;. A iniciativa \u00e9 vinculada ao Plano Municipal de Vigil\u00e2ncia das Causas Externas. Desde julho, professores e alunos da UFJF e profissionais da \u00e1rea de Sa\u00fade da PJF trabalham no planejamento e nas a\u00e7\u00f5es pr\u00e1ticas do projeto, como uma s\u00e9rie de capacita\u00e7\u00f5es, mapeamento e a\u00e7\u00f5es de comunica\u00e7\u00e3o.<\/p>\n<p>&nbsp;<\/p>\n<div id=\"box_compartilhar\" align=\"right\"><\/div>\n","protected":false},"excerpt":{"rendered":"<p>Segundo informa\u00e7\u00f5es do site da Prefeitura de Juiz de Fora (PJF), quem passar pelo Cal\u00e7ad\u00e3o da Rua Halfeld na pr\u00f3xima segunda-feira, 19, vai poder conferir os trabalhos que v\u00eam sendo feitos no munic\u00edpio para a preven\u00e7\u00e3o das viol\u00eancias e prote\u00e7\u00e3o \u00e0s suas v\u00edtimas. A \u201cFeira da Cultura de Paz\u201d ser\u00e1 montada na Pra\u00e7a\u00a0 Dr. Jo\u00e3o [&hellip;]<\/p>\n","protected":false},"author":246,"featured_media":207931,"comment_status":"closed","ping_status":"closed","sticky":false,"template":"","format":"standard","meta":{"footnotes":""},"categories":[253,436,439],"tags":[],"class_list":["post-207930","post","type-post","status-publish","format-standard","has-post-thumbnail","hentry","category-cidade","category-destaque-da-semana","category-ultima-hora"],"_links":{"self":[{"href":"https:\/\/diarioregionaldigital.com.br\/index.php?rest_route=\/wp\/v2\/posts\/207930","targetHints":{"allow":["GET"]}}],"collection":[{"href":"https:\/\/diarioregionaldigital.com.br\/index.php?rest_route=\/wp\/v2\/posts"}],"about":[{"href":"https:\/\/diarioregionaldigital.com.br\/index.php?rest_route=\/wp\/v2\/types\/post"}],"author":[{"embeddable":true,"href":"https:\/\/diarioregionaldigital.com.br\/index.php?rest_route=\/wp\/v2\/users\/246"}],"replies":[{"embeddable":true,"href":"https:\/\/diarioregionaldigital.com.br\/index.php?rest_route=%2Fwp%2Fv2%2Fcomments&post=207930"}],"version-history":[{"count":1,"href":"https:\/\/diarioregionaldigital.com.br\/index.php?rest_route=\/wp\/v2\/posts\/207930\/revisions"}],"predecessor-version":[{"id":207932,"href":"https:\/\/diarioregionaldigital.com.br\/index.php?rest_route=\/wp\/v2\/posts\/207930\/revisions\/207932"}],"wp:featuredmedia":[{"embeddable":true,"href":"https:\/\/diarioregionaldigital.com.br\/index.php?rest_route=\/wp\/v2\/media\/207931"}],"wp:attachment":[{"href":"https:\/\/diarioregionaldigital.com.br\/index.php?rest_route=%2Fwp%2Fv2%2Fmedia&parent=207930"}],"wp:term":[{"taxonomy":"category","embeddable":true,"href":"https:\/\/diarioregionaldigital.com.br\/index.php?rest_route=%2Fwp%2Fv2%2Fcategories&post=207930"},{"taxonomy":"post_tag","embeddable":true,"href":"https:\/\/diarioregionaldigital.com.br\/index.php?rest_route=%2Fwp%2Fv2%2Ftags&post=207930"}],"curies":[{"name":"wp","href":"https:\/\/api.w.org\/{rel}","templated":true}]}}