{"id":207927,"date":"2022-12-16T17:51:08","date_gmt":"2022-12-16T20:51:08","guid":{"rendered":"https:\/\/diarioregionaldigital.com.br\/?p=207927"},"modified":"2022-12-16T17:51:08","modified_gmt":"2022-12-16T20:51:08","slug":"smu-promove-campanha-de-concretizacao-dos-motoristas-antes-das-festas-de-final-de-ano","status":"publish","type":"post","link":"https:\/\/diarioregionaldigital.com.br\/?p=207927","title":{"rendered":"SMU promove campanha de concretiza\u00e7\u00e3o dos motoristas antes das festas de final de ano"},"content":{"rendered":"<p>Segundo informa\u00e7\u00f5es do site da Prefeitura de Juiz de Fora (PJF), uma blitz educativa foi realizada na quinta-feira, 15, a Av. Juscelino Kubitschek, pr\u00f3ximo \u00e0 Pra\u00e7a CEU, pelos agentes de transporte e tr\u00e2nsito da Secretaria de Mobilidade Urbana (SMU) da Prefeitura de Juiz de Fora (PJF). Esta a\u00e7\u00e3o faz parte da Campanha Boas Festas, e abordou aproximadamente 250 motoristas.<\/p>\n<p>Para a semana que antecede o Natal, est\u00e3o programadas mais duas blitzen em outras regi\u00f5es da cidade, e na pr\u00f3xima segunda-feira, 19, a\u00a0 Supervis\u00e3o de Educa\u00e7\u00e3o para o Tr\u00e2nsito ir\u00e1 participar da Feira de Cultura da Paz, com distribui\u00e7\u00e3o de panfletos e jornais educacionais para crian\u00e7as, al\u00e9m de atividades educativas<\/p>\n<p>A iniciativa come\u00e7ou no m\u00eas de dezembro, pois, neste per\u00edodo, h\u00e1 um aumento significativo da circula\u00e7\u00e3o de ve\u00edculos e pedestres nas vias p\u00fablicas, o que gera o risco de mais acidentes de tr\u00e2nsito. Al\u00e9m de presencial, a campanha tamb\u00e9m acontece de forma virtual nas redes sociais da PJF, atrav\u00e9s da publica\u00e7\u00e3o de cards interativos com informa\u00e7\u00f5es a respeito das condutas no tr\u00e2nsito, como realizar uma travessia segura, o aumento no tempo de deslocamento, o risco do uso de aparelhos eletr\u00f4nicos nas vias p\u00fablicas e a import\u00e2ncia do respeito \u00e0 sinaliza\u00e7\u00e3o, al\u00e9m de alertas sobre os cuidados no tr\u00e2nsito e o risco do consumo de bebidas alco\u00f3licas e dire\u00e7\u00e3o. A campanha\u00a0 tamb\u00e9m est\u00e1 presente nos ve\u00edculos do transporte coletivo urbano, com cartazes nos \u00f4nibus.<\/p>\n","protected":false},"excerpt":{"rendered":"<p>Segundo informa\u00e7\u00f5es do site da Prefeitura de Juiz de Fora (PJF), uma blitz educativa foi realizada na quinta-feira, 15, a Av. Juscelino Kubitschek, pr\u00f3ximo \u00e0 Pra\u00e7a CEU, pelos agentes de transporte e tr\u00e2nsito da Secretaria de Mobilidade Urbana (SMU) da Prefeitura de Juiz de Fora (PJF). Esta a\u00e7\u00e3o faz parte da Campanha Boas Festas, e [&hellip;]<\/p>\n","protected":false},"author":246,"featured_media":207928,"comment_status":"closed","ping_status":"closed","sticky":false,"template":"","format":"standard","meta":{"footnotes":""},"categories":[253,436,440,439],"tags":[],"class_list":["post-207927","post","type-post","status-publish","format-standard","has-post-thumbnail","hentry","category-cidade","category-destaque-da-semana","category-destaques-do-dia","category-ultima-hora"],"_links":{"self":[{"href":"https:\/\/diarioregionaldigital.com.br\/index.php?rest_route=\/wp\/v2\/posts\/207927","targetHints":{"allow":["GET"]}}],"collection":[{"href":"https:\/\/diarioregionaldigital.com.br\/index.php?rest_route=\/wp\/v2\/posts"}],"about":[{"href":"https:\/\/diarioregionaldigital.com.br\/index.php?rest_route=\/wp\/v2\/types\/post"}],"author":[{"embeddable":true,"href":"https:\/\/diarioregionaldigital.com.br\/index.php?rest_route=\/wp\/v2\/users\/246"}],"replies":[{"embeddable":true,"href":"https:\/\/diarioregionaldigital.com.br\/index.php?rest_route=%2Fwp%2Fv2%2Fcomments&post=207927"}],"version-history":[{"count":1,"href":"https:\/\/diarioregionaldigital.com.br\/index.php?rest_route=\/wp\/v2\/posts\/207927\/revisions"}],"predecessor-version":[{"id":207929,"href":"https:\/\/diarioregionaldigital.com.br\/index.php?rest_route=\/wp\/v2\/posts\/207927\/revisions\/207929"}],"wp:featuredmedia":[{"embeddable":true,"href":"https:\/\/diarioregionaldigital.com.br\/index.php?rest_route=\/wp\/v2\/media\/207928"}],"wp:attachment":[{"href":"https:\/\/diarioregionaldigital.com.br\/index.php?rest_route=%2Fwp%2Fv2%2Fmedia&parent=207927"}],"wp:term":[{"taxonomy":"category","embeddable":true,"href":"https:\/\/diarioregionaldigital.com.br\/index.php?rest_route=%2Fwp%2Fv2%2Fcategories&post=207927"},{"taxonomy":"post_tag","embeddable":true,"href":"https:\/\/diarioregionaldigital.com.br\/index.php?rest_route=%2Fwp%2Fv2%2Ftags&post=207927"}],"curies":[{"name":"wp","href":"https:\/\/api.w.org\/{rel}","templated":true}]}}