{"id":207924,"date":"2022-12-16T17:45:58","date_gmt":"2022-12-16T20:45:58","guid":{"rendered":"https:\/\/diarioregionaldigital.com.br\/?p=207924"},"modified":"2022-12-16T17:45:58","modified_gmt":"2022-12-16T20:45:58","slug":"escola-paralimpica-de-esportes-do-cpb-encerra-ano-letivo-de-2022-e-a-volta-as-aulas-esta-prevista-para-janeiro","status":"publish","type":"post","link":"https:\/\/diarioregionaldigital.com.br\/?p=207924","title":{"rendered":"Escola Paral\u00edmpica de Esportes do CPB encerra ano letivo de 2022 e a volta \u00e0s aulas est\u00e1 prevista para janeiro"},"content":{"rendered":"<p>A Escola Paral\u00edmpica de Esportes do Comit\u00ea Paral\u00edmpico Brasileiro (CPB) encerrou o ano letivo, na \u00faltima sexta-feira, 9, no Centro de Treinamento Paral\u00edmpico, em S\u00e3o Paulo. O retorno das aulas em 2023 est\u00e1 previsto para 23 de janeiro. Para participar do projeto, basta preencher a ficha de inscri\u00e7\u00e3o.<\/p>\n<p>A Escola Paral\u00edmpica de Esportes \u00e9 idealizada e realizada pelo CPB desde 2018 e tem como objetivo promover a inicia\u00e7\u00e3o esportiva de crian\u00e7as e adolescentes, com defici\u00eancia f\u00edsica, visual e intelectual, na faixa et\u00e1ria de 10 a 18 anos, em treze modalidades paral\u00edmpicas: atletismo, badminton, bocha, esgrima em cadeira de rodas, futebol de cegos, goalball, halterofilismo, jud\u00f4, nata\u00e7\u00e3o, t\u00eanis de mesa, tiro com arco, triatlo e v\u00f4lei sentado.<\/p>\n<p>A Escolinha, como \u00e9 conhecido o projeto, recebeu em 2022, cerca de\u00a0436 alunos diariamente, no CT.<\/p>\n<p>\u201cOs alunos da Escola Paral\u00edmpica de Esportes surpreenderam com bons resultados em campeonatos nacionais e internacionais de diversas modalidades. Em 2023, nosso objetivo \u00e9 atender 600 alunos e manter esses resultados\u201d comentou Ramon Pereira, diretor de desenvolvimento esportivo do CPB.<\/p>\n<p>Ao longo deste ano, os alunos do projeto subiram ao p\u00f3dio em competi\u00e7\u00f5es nacionais, com as conquistas de\u00a0<a href=\"https:\/\/www.cpb.org.br\/noticia\/detalhe\/4565\/aluno-de-9-anos-e-prata-e-escolinha-do-cpb-conquista-12-medalhas-nos-brasileiros-de-badminton\" target=\"_blank\" rel=\"noopener\"><u><strong>12 medalhas nos Brasileiros de badminton<\/strong><\/u><\/a>,\u00a0<a href=\"https:\/\/www.cpb.org.br\/noticia\/detalhe\/4499\/escola-paralimpica-de-esportes-conquista-oito-medalhas-e-e-campea-da-copa-loterias-caixa-de-judo\" target=\"_blank\" rel=\"noopener\"><u><strong>8 na Copa Loterias Caixa de jud\u00f4<\/strong><\/u><\/a>,\u00a0<a href=\"https:\/\/www.cpb.org.br\/noticia\/detalhe\/4321\/alunos-da-escola-paralimpica-do-cpb-conquistam-medalhas-na-copa-brasil-de-jovens-de-bocha\" target=\"_blank\" rel=\"noopener\"><u><strong>3 na Copa Brasil de jovens de bocha<\/strong><\/u><\/a>,\u00a0<a href=\"https:\/\/www.cpb.org.br\/noticia\/detalhe\/4305\/alunos-da-escola-paralimpica-do-cpb-conquistam-seis-medalhas-no-campeonato-brasileiro-sub-17-e-sub-20-de-atletismo\" target=\"_blank\" rel=\"noopener\"><u><strong>8 no Campeonato Brasileiro sub-17 e sub-20 de atletismo<\/strong><\/u><\/a>,\u00a0<a href=\"https:\/\/www.cpb.org.br\/noticia\/detalhe\/4217\/alunos-da-escola-paralimpica-de-esportes-conquistam-seis-medalhas-na-2a-fase-do-circuito-nacional-de-atletismo\" target=\"_blank\" rel=\"noopener\"><u><strong>6 na 2\u00b0 Fase do Circuito Nacional de atletismo<\/strong><\/u><\/a>\u00a0e\u00a0<a href=\"https:\/\/www.cpb.org.br\/noticia\/detalhe\/4119\/nadadores-da-escola-paralimpica-ficam-entre-os-oito-melhores-do-brasil\" target=\"_blank\" rel=\"noopener\"><u><strong>3 de nata\u00e7\u00e3o na 1\u00b0 etapa do Circuito Paral\u00edmpico Loterias Caixa<\/strong><\/u><\/a>.<br \/>\nNa fase nacional das Paralimp\u00edadas Escolares 2022, trinta e oito alunos participaram pela\u00a0<a href=\"https:\/\/www.cpb.org.br\/noticia\/detalhe\/4752\/sao-paulo-conquista-10o-titulo-na-maior-edicao-da-historia-das-paralimpiadas-escolares\" target=\"_blank\" rel=\"noopener\"><u><strong>delega\u00e7\u00e3o de S\u00e3o Paulo \u2013 campe\u00e3 desta edi\u00e7\u00e3o, que foi a maior da hist\u00f3ria<\/strong><\/u><\/a>\u00a0\u2013 e se destacaram ao\u00a0<u><\/u>conquistar\u00a0<a href=\"https:\/\/www.cpb.org.br\/noticia\/detalhe\/4759\/alunos-da-escola-paralimpica-de-esportes-do-cpb-conquistam-mais-de-60-medalhas-na-fase-nacional-das-paralimpiadas-escolares\" target=\"_blank\" rel=\"noopener\"><u><strong>62 medalhas em nove modalidades<\/strong><\/u><\/a>.<\/p>\n<p>As \u00faltimas competi\u00e7\u00f5es do ano de goalball, v\u00f4lei sentado e t\u00eanis de mesa, contaram com a participa\u00e7\u00e3o de representantes da Escola Paral\u00edmpica.<\/p>\n<p>Quatro alunos fizeram parte da Sele\u00e7\u00e3o Sub-23 de goalball, no Torneio Cidade de Barcelona, disputado na Espanha, entre os dias 2 e 4 de dezembro.\u00a0<a href=\"https:\/\/www.cpb.org.br\/noticia\/detalhe\/4777\/com-alunos-da-escola-paralimpica-de-esportes-brasil-e-ouro-e-prata-em-torneio-de-goalball-na-espanha\" target=\"_blank\" rel=\"noopener\"><u><strong>Amanda Braz, Ana Beatriz Sim\u00f5es, Fabio Silva e Wellington Santos, conquistaram ouro no masculino e prata no feminino.<\/strong><\/u><\/a><\/p>\n<p>J\u00e1 no v\u00f4lei sentado, Jo\u00e3o Vitor Marin comp\u00f4s a equipe do Paulistano\/SP, no\u00a0<a href=\"https:\/\/www.cpb.org.br\/noticia\/detalhe\/4798\/sesisp-derrota-paulistano-e-e-pentacampeao-brasileiro-masculino-de-volei-sentado\" target=\"_blank\" rel=\"noopener\"><u><strong>Campeonato Brasileiro masculino de v\u00f4lei sentado \u2013 S\u00e9rie Ouro<\/strong><\/u><\/a>, no domingo, 11. Finalistas, o time foi derrotado pelo Sesi\/SP, em uma partida disputada, ponto a ponto e garantiu a prata.<\/p>\n<p>No t\u00eanis de mesa, Nicole Santos encerrou sua participa\u00e7\u00e3o em 5\u00b0 lugar no\u00a0<a href=\"https:\/\/www.cpb.org.br\/noticia\/detalhe\/4773\/bruna-alexandre-e-catia-oliveira-conquistam-ouro-no-brasileiro-de-tenis-de-mesa-paralimpico\" target=\"_blank\" rel=\"noopener\"><u><strong>Brasileiro da modalidade<\/strong><\/u><\/a>, que aconteceu entre os dias 3 e 6. Ambos os Campeonatos Brasileiros aconteceram no CT Paral\u00edmpico.<\/p>\n<p><strong>Saiba mais sobre o projeto<\/strong><\/p>\n<p>Os alunos s\u00e3o atendidos dois dias por semana, divididos em turmas \u00e0s segundas e quartas-feiras e ter\u00e7as e quintas-feiras, em dois hor\u00e1rios: das 14h \u00e0s 15h30 e das 16h \u00e0s 17h30.<\/p>\n<p>As crian\u00e7as recebem uniforme e lanche durante a estadia no CT Paral\u00edmpico. Tamb\u00e9m \u00e9 disponibilizado transporte em locais estrat\u00e9gicos da Grande S\u00e3o Paulo. Todos os servi\u00e7os s\u00e3o oferecidos gratuitamente. Para mais informa\u00e7\u00f5es sobre o projeto, entrar em contato pelo e-mail:\u00a0<strong>escolaparalimpica@cpb.org.br<\/strong>.<\/p>\n<p><strong>Patroc\u00ednios<\/strong><br \/>\nA Escola Paral\u00edmpica de Esporte conta com o patroc\u00ednio do Grupo Volvo via Lei de Incentivo ao Esporte do Governo Federal.<\/p>\n<p>Fonte: CPB<\/p>\n","protected":false},"excerpt":{"rendered":"<p>A Escola Paral\u00edmpica de Esportes do Comit\u00ea Paral\u00edmpico Brasileiro (CPB) encerrou o ano letivo, na \u00faltima sexta-feira, 9, no Centro de Treinamento Paral\u00edmpico, em S\u00e3o Paulo. O retorno das aulas em 2023 est\u00e1 previsto para 23 de janeiro. Para participar do projeto, basta preencher a ficha de inscri\u00e7\u00e3o. A Escola Paral\u00edmpica de Esportes \u00e9 idealizada [&hellip;]<\/p>\n","protected":false},"author":246,"featured_media":207925,"comment_status":"closed","ping_status":"closed","sticky":false,"template":"","format":"standard","meta":{"footnotes":""},"categories":[436,257,439],"tags":[],"class_list":["post-207924","post","type-post","status-publish","format-standard","has-post-thumbnail","hentry","category-destaque-da-semana","category-esporte","category-ultima-hora"],"_links":{"self":[{"href":"https:\/\/diarioregionaldigital.com.br\/index.php?rest_route=\/wp\/v2\/posts\/207924","targetHints":{"allow":["GET"]}}],"collection":[{"href":"https:\/\/diarioregionaldigital.com.br\/index.php?rest_route=\/wp\/v2\/posts"}],"about":[{"href":"https:\/\/diarioregionaldigital.com.br\/index.php?rest_route=\/wp\/v2\/types\/post"}],"author":[{"embeddable":true,"href":"https:\/\/diarioregionaldigital.com.br\/index.php?rest_route=\/wp\/v2\/users\/246"}],"replies":[{"embeddable":true,"href":"https:\/\/diarioregionaldigital.com.br\/index.php?rest_route=%2Fwp%2Fv2%2Fcomments&post=207924"}],"version-history":[{"count":1,"href":"https:\/\/diarioregionaldigital.com.br\/index.php?rest_route=\/wp\/v2\/posts\/207924\/revisions"}],"predecessor-version":[{"id":207926,"href":"https:\/\/diarioregionaldigital.com.br\/index.php?rest_route=\/wp\/v2\/posts\/207924\/revisions\/207926"}],"wp:featuredmedia":[{"embeddable":true,"href":"https:\/\/diarioregionaldigital.com.br\/index.php?rest_route=\/wp\/v2\/media\/207925"}],"wp:attachment":[{"href":"https:\/\/diarioregionaldigital.com.br\/index.php?rest_route=%2Fwp%2Fv2%2Fmedia&parent=207924"}],"wp:term":[{"taxonomy":"category","embeddable":true,"href":"https:\/\/diarioregionaldigital.com.br\/index.php?rest_route=%2Fwp%2Fv2%2Fcategories&post=207924"},{"taxonomy":"post_tag","embeddable":true,"href":"https:\/\/diarioregionaldigital.com.br\/index.php?rest_route=%2Fwp%2Fv2%2Ftags&post=207924"}],"curies":[{"name":"wp","href":"https:\/\/api.w.org\/{rel}","templated":true}]}}