{"id":207921,"date":"2022-12-16T17:43:58","date_gmt":"2022-12-16T20:43:58","guid":{"rendered":"https:\/\/diarioregionaldigital.com.br\/?p=207921"},"modified":"2022-12-16T17:43:58","modified_gmt":"2022-12-16T20:43:58","slug":"santer-rj-conquista-copa-dos-campeoes-de-rugbi-em-cadeira-de-rodas","status":"publish","type":"post","link":"https:\/\/diarioregionaldigital.com.br\/?p=207921","title":{"rendered":"Santer\/RJ conquista Copa dos Campe\u00f5es de r\u00fagbi em cadeira de rodas"},"content":{"rendered":"<p>O Santer\/RJ conquistou a Copa dos Campe\u00f5es de r\u00fagbi em cadeira de rodas, no \u00faltimo domingo, 11, na Andef, em Niter\u00f3i (RJ). Na final da competi\u00e7\u00e3o, a equipe carioca derrotou o Gladiadores\/PR por 46 a 39.<\/p>\n<p>A competi\u00e7\u00e3o fechou a temporada do r\u00fagbi em cadeira de rodas brasileiro e reuniu seis times: Minas\/MG, Santer\/RJ e Gladiadores\/PR, que foram os tr\u00eas primeiros colocados do<u><strong><a href=\"https:\/\/www.cpb.org.br\/noticia\/detalhe\/4384\/minas-vira-no-fim-vence-santer-e-conquista-seu-5o-campeonato-brasileiro-de-rugbi-em-cadeira-de-rodas\" target=\"_blank\" rel=\"noopener\">\u00a0Brasileiro da modalidade<\/a><\/strong><\/u>; Adeacamp\/SP, campe\u00e3 da Segunda Divis\u00e3o do Nacional; Gigantes\/SP, campe\u00e3o paulista; e\u00a0BSB Quad Rugby, vencedor do Regional Centro-Oeste.<\/p>\n<p>A classifica\u00e7\u00e3o final ficou dessa forma:\u00a01\u00b0 \u2013 Santer\/RJ, 2\u00b0 \u2013 Gladiadores-PR, 3\u00b0 \u2013 Minas-MG, 4\u00b0 \u2013 Gigantes-SP, 5\u00b0 \u2013 ADEACAMP-SP e 6\u00b0 \u2013 BSB Quad-DF.<\/p>\n<p>\u201cA Copa dos Campe\u00f5es foi\u00a0o nosso grande evento de final de\u00a0ano. Uma das metas tra\u00e7adas por nossa gest\u00e3o\u00a0foi de ampliar o calend\u00e1rio esportivo, o que contribui com o aprimoramento de atletas e dos profissionais que fazem parte do r\u00fagbi em cadeira de rodas\u201d, explicou\u00a0o presidente da Associa\u00e7\u00e3o Brasileira de Rugby\u00a0em Cadeira de Rodas (ABRC), Jos\u00e9 Higino.<\/p>\n<p><strong>Confira todos os resultados da competi\u00e7\u00e3o:<\/strong><\/p>\n<p><strong>PRIMEIRA FASE<\/strong><br \/>\nSANTER 43 X 40 BSB QUAD<br \/>\nMINAS 54 X 26 ADEACAMP<br \/>\nBSB QUAD 47 X 50 GIGANTES<br \/>\nADEACAMP 29 X 43 GLADIADORES<br \/>\nGIGANTES 43 x 45 SANTER<br \/>\nGLADIADORES 51 x 40 MINAS<br \/>\nGIGANTES 46 X 36 ADEACAMP<br \/>\nMINAS 43 X 27 BSB QUAD<\/p>\n<p><strong>SEMIFINAIS<\/strong><br \/>\nGLADIADORES 45 X 38 GIGANTES<br \/>\nSANTER 46 X 37 MINAS<\/p>\n<p><strong>DISPUTA 5\u00b0 LUGAR<\/strong><br \/>\nADEACAMP 48 X 47 BSB QUAD<\/p>\n<p><strong>DISPUTA 3\u00b0 LUGAR<\/strong><br \/>\nMINAS 45 X 31 GIGANTES<\/p>\n<p><strong>FINAL<\/strong><br \/>\nGLADIADORES 39 x 46 SANTER<\/p>\n<p>Fonte: A<em>ssocia\u00e7\u00e3o Brasileira de Rugby em Cadeira de Rodas (ABRC)<\/em><\/p>\n","protected":false},"excerpt":{"rendered":"<p>O Santer\/RJ conquistou a Copa dos Campe\u00f5es de r\u00fagbi em cadeira de rodas, no \u00faltimo domingo, 11, na Andef, em Niter\u00f3i (RJ). Na final da competi\u00e7\u00e3o, a equipe carioca derrotou o Gladiadores\/PR por 46 a 39. A competi\u00e7\u00e3o fechou a temporada do r\u00fagbi em cadeira de rodas brasileiro e reuniu seis times: Minas\/MG, Santer\/RJ e [&hellip;]<\/p>\n","protected":false},"author":246,"featured_media":207922,"comment_status":"closed","ping_status":"closed","sticky":false,"template":"","format":"standard","meta":{"footnotes":""},"categories":[436,257,439],"tags":[],"class_list":["post-207921","post","type-post","status-publish","format-standard","has-post-thumbnail","hentry","category-destaque-da-semana","category-esporte","category-ultima-hora"],"_links":{"self":[{"href":"https:\/\/diarioregionaldigital.com.br\/index.php?rest_route=\/wp\/v2\/posts\/207921","targetHints":{"allow":["GET"]}}],"collection":[{"href":"https:\/\/diarioregionaldigital.com.br\/index.php?rest_route=\/wp\/v2\/posts"}],"about":[{"href":"https:\/\/diarioregionaldigital.com.br\/index.php?rest_route=\/wp\/v2\/types\/post"}],"author":[{"embeddable":true,"href":"https:\/\/diarioregionaldigital.com.br\/index.php?rest_route=\/wp\/v2\/users\/246"}],"replies":[{"embeddable":true,"href":"https:\/\/diarioregionaldigital.com.br\/index.php?rest_route=%2Fwp%2Fv2%2Fcomments&post=207921"}],"version-history":[{"count":1,"href":"https:\/\/diarioregionaldigital.com.br\/index.php?rest_route=\/wp\/v2\/posts\/207921\/revisions"}],"predecessor-version":[{"id":207923,"href":"https:\/\/diarioregionaldigital.com.br\/index.php?rest_route=\/wp\/v2\/posts\/207921\/revisions\/207923"}],"wp:featuredmedia":[{"embeddable":true,"href":"https:\/\/diarioregionaldigital.com.br\/index.php?rest_route=\/wp\/v2\/media\/207922"}],"wp:attachment":[{"href":"https:\/\/diarioregionaldigital.com.br\/index.php?rest_route=%2Fwp%2Fv2%2Fmedia&parent=207921"}],"wp:term":[{"taxonomy":"category","embeddable":true,"href":"https:\/\/diarioregionaldigital.com.br\/index.php?rest_route=%2Fwp%2Fv2%2Fcategories&post=207921"},{"taxonomy":"post_tag","embeddable":true,"href":"https:\/\/diarioregionaldigital.com.br\/index.php?rest_route=%2Fwp%2Fv2%2Ftags&post=207921"}],"curies":[{"name":"wp","href":"https:\/\/api.w.org\/{rel}","templated":true}]}}