{"id":207918,"date":"2022-12-16T17:42:44","date_gmt":"2022-12-16T20:42:44","guid":{"rendered":"https:\/\/diarioregionaldigital.com.br\/?p=207918"},"modified":"2022-12-16T17:42:44","modified_gmt":"2022-12-16T20:42:44","slug":"equipes-brasileiras-comecam-a-se-reforcar-para-a-temporada-2023","status":"publish","type":"post","link":"https:\/\/diarioregionaldigital.com.br\/?p=207918","title":{"rendered":"Equipes brasileiras come\u00e7am a se refor\u00e7ar para a temporada 2023"},"content":{"rendered":"<p>Com a proximidade do final da Copa do Catar, as equipes brasileiras come\u00e7am a se movimentar para se refor\u00e7arem para a temporada 2023 do futebol brasileiro. Um exemplo \u00e9 o Corinthians, que anunciou oficialmente nesta quinta-feira (15) o retorno do atacante paraguaio \u00c1ngel Romero.<img decoding=\"async\" src=\"https:\/\/agenciabrasil.ebc.com.br\/ebc.png?id=1498775&amp;o=node\" \/><img decoding=\"async\" src=\"https:\/\/agenciabrasil.ebc.com.br\/ebc.gif?id=1498775&amp;o=node\" \/><\/p>\n<p>O jogador, que j\u00e1 defendeu o Tim\u00e3o entre 2014 a 2019, acertou o novo v\u00ednculo at\u00e9 o final de 2024. Pelo Corinthians, Romero conquistou os Brasileiros de 2015 e de 2017 e os Paulistas de 2017 e de 2018.<\/p>\n<h2>Ramiro no Cruzeiro<\/h2>\n<p>Outra equipe da S\u00e9rie A do Campeonato Brasileiro a anunciar um refor\u00e7o nesta quinta foi o Cruzeiro. A Raposa fechou com o volante Ramiro, de 29 anos, at\u00e9 o final de 2024. \u201cUm orgulho muito grande de vestir a camisa de um gigante do futebol brasileiro, do futebol mundial. Estou muito feliz com esta oportunidade\u201d, declarou o jogador em v\u00eddeo divulgado pela equipe mineira.<\/p>\n<h2>Reapresenta\u00e7\u00e3o do Santos<\/h2>\n<p>J\u00e1 o Santos iniciou oficialmente os seus trabalhos ap\u00f3s um m\u00eas de f\u00e9rias. E na reapresenta\u00e7\u00e3o do elenco do Peixe estiveram presentes os novos contratados: o zagueiro Messias, o volante Dodi, o atacante Mendoza e o lateral-direito Jo\u00e3o Lucas.<\/p>\n<h2>Tricolor refor\u00e7ado<\/h2>\n<p>Uma equipe que tamb\u00e9m se movimenta no mercado \u00e9 o Fluminense, que anunciou na \u00faltima quarta-feira (14) a contrata\u00e7\u00e3o do lateral-direito Guga. O jogador de 24 anos, que estava no Atl\u00e9tico-MG, assinou contrato com o clube das Laranjeiras at\u00e9 dezembro de 2025.<\/p>\n<p>\u201c\u00c9 um prazer imenso vestir essa camisa, pois \u00e9 um clube de uma hist\u00f3ria gigantesca. Quando tive essa oportunidade n\u00e3o tive d\u00favidas em responder que queria muito vir para botar meu nome na hist\u00f3ria desse clube tamb\u00e9m\u201d, declarou o jogador.<\/p>\n<p><span style=\"font-weight: 400;\">Fonte: Ag\u00eancia Brasil<\/span><\/p>\n","protected":false},"excerpt":{"rendered":"<p>Com a proximidade do final da Copa do Catar, as equipes brasileiras come\u00e7am a se movimentar para se refor\u00e7arem para a temporada 2023 do futebol brasileiro. Um exemplo \u00e9 o Corinthians, que anunciou oficialmente nesta quinta-feira (15) o retorno do atacante paraguaio \u00c1ngel Romero. O jogador, que j\u00e1 defendeu o Tim\u00e3o entre 2014 a 2019, [&hellip;]<\/p>\n","protected":false},"author":246,"featured_media":207919,"comment_status":"closed","ping_status":"closed","sticky":false,"template":"","format":"standard","meta":{"footnotes":""},"categories":[436,257,439],"tags":[],"class_list":["post-207918","post","type-post","status-publish","format-standard","has-post-thumbnail","hentry","category-destaque-da-semana","category-esporte","category-ultima-hora"],"_links":{"self":[{"href":"https:\/\/diarioregionaldigital.com.br\/index.php?rest_route=\/wp\/v2\/posts\/207918","targetHints":{"allow":["GET"]}}],"collection":[{"href":"https:\/\/diarioregionaldigital.com.br\/index.php?rest_route=\/wp\/v2\/posts"}],"about":[{"href":"https:\/\/diarioregionaldigital.com.br\/index.php?rest_route=\/wp\/v2\/types\/post"}],"author":[{"embeddable":true,"href":"https:\/\/diarioregionaldigital.com.br\/index.php?rest_route=\/wp\/v2\/users\/246"}],"replies":[{"embeddable":true,"href":"https:\/\/diarioregionaldigital.com.br\/index.php?rest_route=%2Fwp%2Fv2%2Fcomments&post=207918"}],"version-history":[{"count":1,"href":"https:\/\/diarioregionaldigital.com.br\/index.php?rest_route=\/wp\/v2\/posts\/207918\/revisions"}],"predecessor-version":[{"id":207920,"href":"https:\/\/diarioregionaldigital.com.br\/index.php?rest_route=\/wp\/v2\/posts\/207918\/revisions\/207920"}],"wp:featuredmedia":[{"embeddable":true,"href":"https:\/\/diarioregionaldigital.com.br\/index.php?rest_route=\/wp\/v2\/media\/207919"}],"wp:attachment":[{"href":"https:\/\/diarioregionaldigital.com.br\/index.php?rest_route=%2Fwp%2Fv2%2Fmedia&parent=207918"}],"wp:term":[{"taxonomy":"category","embeddable":true,"href":"https:\/\/diarioregionaldigital.com.br\/index.php?rest_route=%2Fwp%2Fv2%2Fcategories&post=207918"},{"taxonomy":"post_tag","embeddable":true,"href":"https:\/\/diarioregionaldigital.com.br\/index.php?rest_route=%2Fwp%2Fv2%2Ftags&post=207918"}],"curies":[{"name":"wp","href":"https:\/\/api.w.org\/{rel}","templated":true}]}}