{"id":207909,"date":"2022-12-16T17:34:46","date_gmt":"2022-12-16T20:34:46","guid":{"rendered":"https:\/\/diarioregionaldigital.com.br\/?p=207909"},"modified":"2022-12-16T17:34:46","modified_gmt":"2022-12-16T20:34:46","slug":"congresso-nacional-aprova-novas-regras-para-orcamento-secreto","status":"publish","type":"post","link":"https:\/\/diarioregionaldigital.com.br\/?p=207909","title":{"rendered":"Congresso Nacional aprova novas regras para or\u00e7amento secreto"},"content":{"rendered":"<p>O Congresso Nacional aprovou, nesta\u00a0<img decoding=\"async\" src=\"https:\/\/agenciabrasil.ebc.com.br\/ebc.png?id=1498888&amp;o=node\" \/><img decoding=\"async\" src=\"https:\/\/agenciabrasil.ebc.com.br\/ebc.gif?id=1498888&amp;o=node\" \/>sexta-feira (16), a proposta que trata da transpar\u00eancia nas emendas de relator-geral do Or\u00e7amento, as chamadas RP-9, mais conhecidas por or\u00e7amento secreto. A mat\u00e9ria segue para promulga\u00e7\u00e3o.<\/p>\n<p>A vota\u00e7\u00e3o foi realizada de maneira remota, j\u00e1 que muitos parlamentares estavam fora de Bras\u00edlia, participando de diploma\u00e7\u00f5es de pol\u00edticos eleitos neste ano. Na C\u00e2mara dos Deputados, o texto-base foi aprovado por 328 votos favor\u00e1veis e 66 contr\u00e1rios; no Senado, foram 44 votos favor\u00e1veis e 20 contr\u00e1rios.\u00a0<img decoding=\"async\" src=\"https:\/\/agenciabrasil.ebc.com.br\/ebc.png?id=1498888&amp;o=node\" \/><img decoding=\"async\" src=\"https:\/\/agenciabrasil.ebc.com.br\/ebc.gif?id=1498888&amp;o=node\" \/>Nenhum dos destaques que ainda poderiam modificar o texto foi aprovado.<\/p>\n<p>O texto do relator, senador Marcelo Castro (MDB-PI), prev\u00ea novas regras de distribui\u00e7\u00e3o dos recursos das emendas de relator, crit\u00e9rios de proporcionalidade e impessoalidade. Os recursos previstos para 2023 est\u00e3o em torno de R$ 19 bilh\u00f5es.<\/p>\n<p>Os recursos devem ser distribu\u00eddos segundo a propor\u00e7\u00e3o das bancadas (80%) e reserva de outros 20% para as Mesas de ambas as Casas, para o relator-geral e o presidente da Comiss\u00e3o Mista de Or\u00e7amento. As \u00e1reas de sa\u00fade e assist\u00eancia social devem receber\u00a0<img decoding=\"async\" src=\"https:\/\/agenciabrasil.ebc.com.br\/ebc.png?id=1498888&amp;o=node\" \/><img decoding=\"async\" src=\"https:\/\/agenciabrasil.ebc.com.br\/ebc.gif?id=1498888&amp;o=node\" \/>ao menos\u00a0<img decoding=\"async\" src=\"https:\/\/agenciabrasil.ebc.com.br\/ebc.png?id=1498888&amp;o=node\" \/><img decoding=\"async\" src=\"https:\/\/agenciabrasil.ebc.com.br\/ebc.gif?id=1498888&amp;o=node\" \/>50% do valor das emendas de relator. As\u00a0<img decoding=\"async\" src=\"https:\/\/agenciabrasil.ebc.com.br\/ebc.png?id=1498888&amp;o=node\" \/><img decoding=\"async\" src=\"https:\/\/agenciabrasil.ebc.com.br\/ebc.gif?id=1498888&amp;o=node\" \/>indica\u00e7\u00f5es devem conter\u00a0<img decoding=\"async\" src=\"https:\/\/agenciabrasil.ebc.com.br\/ebc.png?id=1498888&amp;o=node\" \/><img decoding=\"async\" src=\"https:\/\/agenciabrasil.ebc.com.br\/ebc.gif?id=1498888&amp;o=node\" \/>o nome de um parlamentar, mesmo que os recursos sejam destinados para atender indica\u00e7\u00f5es de agentes p\u00fablicos ou representantes da sociedade civil.<\/p>\n<p>A proposta come\u00e7ou a ser discutida por mais de tr\u00eas horas, ontem (15), mas foi interrompida antes da aprecia\u00e7\u00e3o do m\u00e9rito. Inicialmente, a previs\u00e3o era de que a mat\u00e9ria voltasse ao plen\u00e1rio do Congresso apenas na pr\u00f3xima semana.<\/p>\n<p>A aprecia\u00e7\u00e3o da mat\u00e9ria foi antecipada para\u00a0<img decoding=\"async\" src=\"https:\/\/agenciabrasil.ebc.com.br\/ebc.png?id=1498888&amp;o=node\" \/><img decoding=\"async\" src=\"https:\/\/agenciabrasil.ebc.com.br\/ebc.gif?id=1498888&amp;o=node\" \/><span id=\"OBJ_PREFIX_DWT135_com_zimbra_date\" role=\"link\">hoje<\/span>\u00a0<img decoding=\"async\" src=\"https:\/\/agenciabrasil.ebc.com.br\/ebc.png?id=1498888&amp;o=node\" \/><img decoding=\"async\" src=\"https:\/\/agenciabrasil.ebc.com.br\/ebc.gif?id=1498888&amp;o=node\" \/>em virtude da\u00a0<a href=\"https:\/\/agenciabrasil.ebc.com.br\/politica\/noticia\/2022-12\/congresso-discute-mas-nao-vota-mudancas-no-orcamento-secreto\" target=\"_blank\" rel=\"noopener\">suspens\u00e3o da an\u00e1lise sobre a constitucionalidade do tema<\/a>\u00a0no Supremo Tribunal Federal (STF).<\/p>\n<p>Com placar de 5 votos a 4 contra o modelo das emendas RP9, a sess\u00e3o deve ser retomada na pr\u00f3xima\u00a0<img decoding=\"async\" src=\"https:\/\/agenciabrasil.ebc.com.br\/ebc.png?id=1498888&amp;o=node\" \/><img decoding=\"async\" src=\"https:\/\/agenciabrasil.ebc.com.br\/ebc.gif?id=1498888&amp;o=node\" \/><span id=\"OBJ_PREFIX_DWT137_com_zimbra_date\" role=\"link\">segunda<\/span>-feira (19), \u00faltima sess\u00e3o antes do recesso na Corte.\u00a0<a href=\"https:\/\/agenciabrasil.ebc.com.br\/justica\/noticia\/2022-12\/stf-suspende-julgamento-sobre-legalidade-do-orcamento-secreto\" target=\"_blank\" rel=\"noopener\">Faltam os votos os ministros Ricardo Lewandowski e Gilmar Mendes<\/a>.\u00a0<img decoding=\"async\" src=\"https:\/\/agenciabrasil.ebc.com.br\/ebc.png?id=1498888&amp;o=node\" \/><img decoding=\"async\" src=\"https:\/\/agenciabrasil.ebc.com.br\/ebc.gif?id=1498888&amp;o=node\" \/><\/p>\n<p>A vota\u00e7\u00e3o foi iniciada\u00a0<img decoding=\"async\" src=\"https:\/\/agenciabrasil.ebc.com.br\/ebc.png?id=1498888&amp;o=node\" \/><img decoding=\"async\" src=\"https:\/\/agenciabrasil.ebc.com.br\/ebc.gif?id=1498888&amp;o=node\" \/><span id=\"OBJ_PREFIX_DWT139_com_zimbra_date\" role=\"link\">ontem<\/span>\u00a0<img decoding=\"async\" src=\"https:\/\/agenciabrasil.ebc.com.br\/ebc.png?id=1498888&amp;o=node\" \/><img decoding=\"async\" src=\"https:\/\/agenciabrasil.ebc.com.br\/ebc.gif?id=1498888&amp;o=node\" \/>(14) com o voto da relatora, ministra Rosa Weber. A presidente do Supremo considerou que o or\u00e7amento secreto \u00e9 inconstitucional por prejudicar a distribui\u00e7\u00e3o de recursos, o direito de parlamentares de participarem do ajuste do Or\u00e7amento e a sociedade de obter informa\u00e7\u00f5es sobre a aplica\u00e7\u00e3o do dinheiro.<\/p>\n<p><span style=\"font-weight: 400;\">Fonte: Ag\u00eancia Brasil<\/span><\/p>\n","protected":false},"excerpt":{"rendered":"<p>O Congresso Nacional aprovou, nesta\u00a0sexta-feira (16), a proposta que trata da transpar\u00eancia nas emendas de relator-geral do Or\u00e7amento, as chamadas RP-9, mais conhecidas por or\u00e7amento secreto. A mat\u00e9ria segue para promulga\u00e7\u00e3o. A vota\u00e7\u00e3o foi realizada de maneira remota, j\u00e1 que muitos parlamentares estavam fora de Bras\u00edlia, participando de diploma\u00e7\u00f5es de pol\u00edticos eleitos neste ano. Na [&hellip;]<\/p>\n","protected":false},"author":246,"featured_media":207910,"comment_status":"closed","ping_status":"closed","sticky":false,"template":"","format":"standard","meta":{"footnotes":""},"categories":[436,254,439],"tags":[],"class_list":["post-207909","post","type-post","status-publish","format-standard","has-post-thumbnail","hentry","category-destaque-da-semana","category-politica","category-ultima-hora"],"_links":{"self":[{"href":"https:\/\/diarioregionaldigital.com.br\/index.php?rest_route=\/wp\/v2\/posts\/207909","targetHints":{"allow":["GET"]}}],"collection":[{"href":"https:\/\/diarioregionaldigital.com.br\/index.php?rest_route=\/wp\/v2\/posts"}],"about":[{"href":"https:\/\/diarioregionaldigital.com.br\/index.php?rest_route=\/wp\/v2\/types\/post"}],"author":[{"embeddable":true,"href":"https:\/\/diarioregionaldigital.com.br\/index.php?rest_route=\/wp\/v2\/users\/246"}],"replies":[{"embeddable":true,"href":"https:\/\/diarioregionaldigital.com.br\/index.php?rest_route=%2Fwp%2Fv2%2Fcomments&post=207909"}],"version-history":[{"count":1,"href":"https:\/\/diarioregionaldigital.com.br\/index.php?rest_route=\/wp\/v2\/posts\/207909\/revisions"}],"predecessor-version":[{"id":207911,"href":"https:\/\/diarioregionaldigital.com.br\/index.php?rest_route=\/wp\/v2\/posts\/207909\/revisions\/207911"}],"wp:featuredmedia":[{"embeddable":true,"href":"https:\/\/diarioregionaldigital.com.br\/index.php?rest_route=\/wp\/v2\/media\/207910"}],"wp:attachment":[{"href":"https:\/\/diarioregionaldigital.com.br\/index.php?rest_route=%2Fwp%2Fv2%2Fmedia&parent=207909"}],"wp:term":[{"taxonomy":"category","embeddable":true,"href":"https:\/\/diarioregionaldigital.com.br\/index.php?rest_route=%2Fwp%2Fv2%2Fcategories&post=207909"},{"taxonomy":"post_tag","embeddable":true,"href":"https:\/\/diarioregionaldigital.com.br\/index.php?rest_route=%2Fwp%2Fv2%2Ftags&post=207909"}],"curies":[{"name":"wp","href":"https:\/\/api.w.org\/{rel}","templated":true}]}}