{"id":207906,"date":"2022-12-16T17:33:40","date_gmt":"2022-12-16T20:33:40","guid":{"rendered":"https:\/\/diarioregionaldigital.com.br\/?p=207906"},"modified":"2022-12-16T17:33:40","modified_gmt":"2022-12-16T20:33:40","slug":"congresso-derruba-veto-a-lei-que-proibe-arquitetura-hostil","status":"publish","type":"post","link":"https:\/\/diarioregionaldigital.com.br\/?p=207906","title":{"rendered":"Congresso derruba veto \u00e0 lei que pro\u00edbe arquitetura hostil"},"content":{"rendered":"<p>O Congresso Nacional derrubou hoje (16) o veto do presidente Jair Bolsonaro ao projeto de lei que pro\u00edbe o uso de materiais e estruturas para afastar pessoas em situa\u00e7\u00e3o de rua de locais p\u00fablicos nas cidades \u2013 a chamada arquitetura hostil. O texto segue para promulga\u00e7\u00e3o.<img decoding=\"async\" src=\"https:\/\/agenciabrasil.ebc.com.br\/ebc.png?id=1498896&amp;o=node\" \/><img decoding=\"async\" src=\"https:\/\/agenciabrasil.ebc.com.br\/ebc.gif?id=1498896&amp;o=node\" \/><\/p>\n<p>No Senado, a derrubada do veto teve 60 votos favor\u00e1veis e apenas quatro contr\u00e1rios. Na C\u00e2mara, foram 354 votos pela derrubada do veto e 39 pela manuten\u00e7\u00e3o. Apenas o partido Novo votou a favor da manuten\u00e7\u00e3o do veto.<\/p>\n<p>O projeto ficou conhecido como Lei Padre J\u00falio Lancelotti. No ano passado, o padre paulistano, que tem forte atua\u00e7\u00e3o em favor de moradores em situa\u00e7\u00e3o de rua, viralizou nas redes sociais ao protagonizar cena em que tentava quebrar estacas pontiagudas de concreto instaladas pela prefeitura de S\u00e3o Paulo sob um viaduto. A constru\u00e7\u00e3o visava impedir a perman\u00eancia das pessoas nesses locais.<\/p>\n<h2>Justificativa<\/h2>\n<p>A derrubada do veto acontece apenas tr\u00eas dias ap\u00f3s decis\u00e3o do presidente da Rep\u00fablica em vetar a mat\u00e9ria. Na justificativa, Bolsonaro argumentou que, ap\u00f3s ouvir minist\u00e9rios, concluiu que a norma poderia &#8220;ocasionar uma interfer\u00eancia na fun\u00e7\u00e3o de planejamento e governan\u00e7a local da pol\u00edtica urbana, ao buscar definir as caracter\u00edsticas e condi\u00e7\u00f5es a serem observadas para a instala\u00e7\u00e3o f\u00edsica de equipamentos e mobili\u00e1rios urbanos&#8221;.<\/p>\n<p>Para o senador Fabiano Contarato (PT-ES), autor da proposta, a valoriza\u00e7\u00e3o do patrim\u00f4nio n\u00e3o pode ser maior do que a preocupa\u00e7\u00e3o humanit\u00e1ria.<\/p>\n<p>\u201cO Estatuto das Cidades tem de ser inclusivo. Essas t\u00e9cnicas de utiliza\u00e7\u00e3o de vergalh\u00f5es, correntes e instrumentos pontiagudos\u00a0t\u00eam o \u00fanico objetivo de valorizar o patrim\u00f4nio em detrimento do acolhimento da popula\u00e7\u00e3o em situa\u00e7\u00e3o de rua\u201d, disse.<\/p>\n<p><span style=\"font-weight: 400;\">Fonte: Ag\u00eancia Brasil<\/span><span style=\"font-weight: 400;\"><br \/>\n<\/span><\/p>\n","protected":false},"excerpt":{"rendered":"<p>O Congresso Nacional derrubou hoje (16) o veto do presidente Jair Bolsonaro ao projeto de lei que pro\u00edbe o uso de materiais e estruturas para afastar pessoas em situa\u00e7\u00e3o de rua de locais p\u00fablicos nas cidades \u2013 a chamada arquitetura hostil. O texto segue para promulga\u00e7\u00e3o. No Senado, a derrubada do veto teve 60 votos [&hellip;]<\/p>\n","protected":false},"author":246,"featured_media":207907,"comment_status":"closed","ping_status":"closed","sticky":false,"template":"","format":"standard","meta":{"footnotes":""},"categories":[436,254,439],"tags":[],"class_list":["post-207906","post","type-post","status-publish","format-standard","has-post-thumbnail","hentry","category-destaque-da-semana","category-politica","category-ultima-hora"],"_links":{"self":[{"href":"https:\/\/diarioregionaldigital.com.br\/index.php?rest_route=\/wp\/v2\/posts\/207906","targetHints":{"allow":["GET"]}}],"collection":[{"href":"https:\/\/diarioregionaldigital.com.br\/index.php?rest_route=\/wp\/v2\/posts"}],"about":[{"href":"https:\/\/diarioregionaldigital.com.br\/index.php?rest_route=\/wp\/v2\/types\/post"}],"author":[{"embeddable":true,"href":"https:\/\/diarioregionaldigital.com.br\/index.php?rest_route=\/wp\/v2\/users\/246"}],"replies":[{"embeddable":true,"href":"https:\/\/diarioregionaldigital.com.br\/index.php?rest_route=%2Fwp%2Fv2%2Fcomments&post=207906"}],"version-history":[{"count":1,"href":"https:\/\/diarioregionaldigital.com.br\/index.php?rest_route=\/wp\/v2\/posts\/207906\/revisions"}],"predecessor-version":[{"id":207908,"href":"https:\/\/diarioregionaldigital.com.br\/index.php?rest_route=\/wp\/v2\/posts\/207906\/revisions\/207908"}],"wp:featuredmedia":[{"embeddable":true,"href":"https:\/\/diarioregionaldigital.com.br\/index.php?rest_route=\/wp\/v2\/media\/207907"}],"wp:attachment":[{"href":"https:\/\/diarioregionaldigital.com.br\/index.php?rest_route=%2Fwp%2Fv2%2Fmedia&parent=207906"}],"wp:term":[{"taxonomy":"category","embeddable":true,"href":"https:\/\/diarioregionaldigital.com.br\/index.php?rest_route=%2Fwp%2Fv2%2Fcategories&post=207906"},{"taxonomy":"post_tag","embeddable":true,"href":"https:\/\/diarioregionaldigital.com.br\/index.php?rest_route=%2Fwp%2Fv2%2Ftags&post=207906"}],"curies":[{"name":"wp","href":"https:\/\/api.w.org\/{rel}","templated":true}]}}