{"id":207903,"date":"2022-12-16T17:32:05","date_gmt":"2022-12-16T20:32:05","guid":{"rendered":"https:\/\/diarioregionaldigital.com.br\/?p=207903"},"modified":"2022-12-16T17:32:05","modified_gmt":"2022-12-16T20:32:05","slug":"flavio-dino-pessoas-ja-foram-identificadas-por-vandalismo-em-brasilia","status":"publish","type":"post","link":"https:\/\/diarioregionaldigital.com.br\/?p=207903","title":{"rendered":"Fl\u00e1vio Dino: pessoas j\u00e1 foram identificadas por vandalismo em Bras\u00edlia"},"content":{"rendered":"<p>O senador eleito Fl\u00e1vio Dino (PSB-MA), ex-governador do Maranh\u00e3o e futuro ministro da Justi\u00e7a no governo Lula, afirmou nesta\u00a0sexta-feira (16) que parte dos manifestantes que participaram de\u00a0<a href=\"https:\/\/agenciabrasil.ebc.com.br\/geral\/noticia\/2022-12\/manifestantes-tentam-invadir-sede-da-pf-e-queimam-carros-e-onibus-no-df\" target=\"_blank\" rel=\"noopener\">atos de vandalismo<\/a>\u00a0em Bras\u00edlia\u00a0foram identificados. A declara\u00e7\u00e3o foi dada em S\u00e3o Lu\u00eds durante coletiva de imprensa para anunciar novos integrantes de sua equipe no Minist\u00e9rio da Justi\u00e7a e Seguran\u00e7a P\u00fablica (MJSP).<img decoding=\"async\" src=\"https:\/\/agenciabrasil.ebc.com.br\/ebc.png?id=1498914&amp;o=node\" \/><img decoding=\"async\" src=\"https:\/\/agenciabrasil.ebc.com.br\/ebc.gif?id=1498914&amp;o=node\" \/><\/p>\n<p>&#8220;As investiga\u00e7\u00f5es sobre o que aconteceu na capital do pa\u00eds est\u00e3o em curso. J\u00e1 h\u00e1 identifica\u00e7\u00e3o de dezenas de pessoas que atuaram naqueles atos de terrorismo, viol\u00eancia, intimida\u00e7\u00e3o, danos patrimoniais e risco \u00e0 integridade f\u00edsica das pessoas&#8221;, afirmou Dino. Ele assegurou que, mesmo que eventuais investiga\u00e7\u00f5es n\u00e3o avancem este ano, a apura\u00e7\u00e3o\u00a0ter\u00e1 continuidade com o novo governo.<\/p>\n<p>Os atos violentos ocorreram na noite de\u00a0segunda-feira (12), na regi\u00e3o central da capital federal. Manifestantes que apoiam o presidente Jair Bolsonaro tentaram invadir a sede da Pol\u00edcia Federal (PF) ap\u00f3s a pris\u00e3o do ind\u00edgena Jos\u00e9 Ac\u00e1cio Tserere Xavante, decretada pelo ministro do Supremo Tribunal Federal (STF) Alexandre de Moraes, e iniciaram um protesto que resultou no fechamento do Setor Hoteleiro Norte e de parte do Eixo Monumental. Ao menos oito ve\u00edculos, incluindo cinco \u00f4nibus, al\u00e9m de carros particulares, foram incendiados durante a confus\u00e3o. Os manifestantes tamb\u00e9m danificaram vidros de outros autom\u00f3veis, quebraram mobili\u00e1rio p\u00fablico e vidros de uma Delegacia de Pol\u00edcia. At\u00e9 o momento, nenhum pris\u00e3o foi efetuada.<\/p>\n<h2>Equipe<\/h2>\n<p>Durante a coletiva, Fl\u00e1vio Dino anunciou novos integrantes de sua equipe para postos-chave da pasta. Para coordenar o Programa Nacional de Seguran\u00e7a P\u00fablica com Cidadania (Pronasci), que vigorou durante o mandato anterior de Lula e ser\u00e1 recriado, foi chamada a advogada Tamires Sampaio, ligada ao PT. O ex-deputado federal e ex-presidente da Ordem dos Advogados no Rio\u00a0de Janeiro\u00a0(OAB-RJ), Wadih Damous (PT), ser\u00e1 o secret\u00e1rio nacional do consumidor e coordenar\u00e1 o Sistema Nacional do Consumidor.<\/p>\n<p>A professora e advogada de direitos humanos Sheila de Carvalho, que integrou a equipe de transi\u00e7\u00e3o, ser\u00e1 assessora especial do gabinete do ministro com \u00eanfase no combate ao racismo, e tamb\u00e9m presidir\u00e1 o Comit\u00ea Nacional para os Refugiados (Conare). Outro nome anunciado \u00e9 o da advogada Estela Aranha, que coordenar\u00e1 uma \u00e1rea de direitos digitais que ser\u00e1 criada no minist\u00e9rio.<\/p>\n<p>Al\u00e9m dos novos nomes, Fl\u00e1vio Dino j\u00e1 havia indicado, na semana passada, o delegado Andrei Rodrigues, chefe da equipe de seguran\u00e7a do presidente eleito Lula, para a diretoria-geral da Pol\u00edcia Federal. O jornalista Ricardo Cappeli foi anunciado essa semana como secret\u00e1rio-executivo do MJSP, o segundo cargo mais importante na hierarquia da pasta. Cappelli foi secret\u00e1rio de Comunica\u00e7\u00e3o do governo do Maranh\u00e3o na gest\u00e3o de Fl\u00e1vio Dino e continuava servindo como secret\u00e1rio no estado. J\u00e1 o secret\u00e1rio-executivo adjunto ser\u00e1 Diego Galdino, anunciado nesta\u00a0sexta. Galdino foi foi chefe da Casa Civil, secret\u00e1rio estadual de Cultura e Turismo e secret\u00e1rio estadual do Meio Ambiente, os tr\u00eas cargos no governo do Maranh\u00e3o. Com os an\u00fancios, Dino informou que j\u00e1 preencheu cerca de metade dos cargos considerados os mais estrat\u00e9gicos na estrutura do minist\u00e9rios, e que espera concluir a montagem da equipe at\u00e9 a pr\u00f3xima semana.<\/p>\n<p>Confira o perfil dos novos nomes anunciados por Fl\u00e1vio Dino para o Minist\u00e9rio da Justi\u00e7a e Seguran\u00e7a P\u00fablica, a partir\u00a0de janeiro:<\/p>\n<p>&#8211; Diego Galdino (secret\u00e1rio-executivo Adjunto): Administrador e bacharel em Direito. Trabalhou\u00a0 por 8 anos na Vale. Na gest\u00e3o p\u00fablica, atuou no Governo do Maranh\u00e3o como Secret\u00e1rio Adjunto na Secretaria de Estado da Cultura, como secret\u00e1rio de Cultura e Turismo, secret\u00e1rio de Estado do Governo, secret\u00e1rio de Estado de Meio Ambiente,\u00a0 e como chefe da Casa Civil do Estado. Foi membro do Conselho Superior de Seguran\u00e7a P\u00fablica do Maranh\u00e3o e Presidente do Cons\u00f3rcio de Turismo Internacional do Nordeste.<\/p>\n<p>&#8211; Estela Aranha (coordenadora para Direitos Digitais): Advogada,\u00a0 especialista em regula\u00e7\u00e3o e direito digital. Presidente da Comiss\u00e3o Especial de Prote\u00e7\u00e3o de Dados do Conselho Federal da OAB e da OAB-RJ. Pesquisadora do CEDIS- IDP. Membro da Comiss\u00e3o de Juristas para a regula\u00e7\u00e3o de Intelig\u00eancia Artificial no Senado Federal.<\/p>\n<p>&#8211; Tamires Sampaio (coordenadora do Programa Nacional de Seguran\u00e7a P\u00fablica com Cidadania &#8211; Pronasci): Advogada, mestra em Direito Pol\u00edtico e Econ\u00f4mico pela Universidade Presbiteriana Mackenzie, pesquisadora na \u00e1rea de seguran\u00e7a p\u00fablica, pol\u00edtica criminal e racismo estrutural. Bolsista do Zoryan Institute no Genocide and Human Rights University Program em 2019 na Universidade de Toronto, Canad\u00e1. Foi secret\u00e1ria adjunta de Seguran\u00e7a Cidad\u00e3 em Diadema. \u00c9 Diretora do Instituto Lula e militante do movimento negro na Coordena\u00e7\u00e3o Nacional de Entidades Negras (CONEN).<\/p>\n<p>&#8211; Wadih Damous (Secret\u00e1rio Nacional do Consumidor): Advogado. Graduado pela Faculdade de Direito da UERJ. Mestre em Direito Constitucional e Teoria do Estado pela PUC\/RJ. Autor do livro Medidas Provis\u00f3rias no Brasil, com Fl\u00e1vio Dino. Foi Presidente da OAB\/RJ ( 2007\/12); da Comiss\u00e3o da Verdade do Rio\u00a0de Janeiro\u00a0(2012\/14); Deputado Federal PT\/RJ (2015\/18).<\/p>\n<p>&#8211; Sheila de Carvalho (assessora especial do ministro e presidente do Comit\u00ea Nacional para os Refugiados &#8211; Conare): Advogada Internacional de Direitos Humanos. Foi Fellow do Alto Comissariado de Direitos Humanos da ONU e Diretora de Incid\u00eancia pol\u00edtica do Instituto de Refer\u00eancia Negra Peregum. Especialista em litig\u00e2ncia estrat\u00e9gica em direitos humanos e justi\u00e7a clim\u00e1tica. \u00c9 professora de p\u00f3s-gradua\u00e7\u00e3o em direitos humanos. Integra a Uneafro Brasil, Coaliz\u00e3o Negra Por Direitos e Grupo Prerrogativas. Coordenadora do N\u00facleo de Viol\u00eancia Institucional da Comiss\u00e3o de Direitos Humanos da OAB\/SP e do Centro de Refer\u00eancia Legal da Artigo 19. Atuou como advogada para as principais organiza\u00e7\u00f5es de direitos humanos brasileiras e internacionais.\u00c9 tamb\u00e9m\u00a0conselheira da Associa\u00e7\u00e3o Brasileira de Juristas pela Democracia (ABJD).<\/p>\n<p>Fonte: Ag\u00eancia Brasil<\/p>\n","protected":false},"excerpt":{"rendered":"<p>O senador eleito Fl\u00e1vio Dino (PSB-MA), ex-governador do Maranh\u00e3o e futuro ministro da Justi\u00e7a no governo Lula, afirmou nesta\u00a0sexta-feira (16) que parte dos manifestantes que participaram de\u00a0atos de vandalismo\u00a0em Bras\u00edlia\u00a0foram identificados. A declara\u00e7\u00e3o foi dada em S\u00e3o Lu\u00eds durante coletiva de imprensa para anunciar novos integrantes de sua equipe no Minist\u00e9rio da Justi\u00e7a e Seguran\u00e7a [&hellip;]<\/p>\n","protected":false},"author":246,"featured_media":207904,"comment_status":"closed","ping_status":"closed","sticky":false,"template":"","format":"standard","meta":{"footnotes":""},"categories":[436,440,254,439],"tags":[],"class_list":["post-207903","post","type-post","status-publish","format-standard","has-post-thumbnail","hentry","category-destaque-da-semana","category-destaques-do-dia","category-politica","category-ultima-hora"],"_links":{"self":[{"href":"https:\/\/diarioregionaldigital.com.br\/index.php?rest_route=\/wp\/v2\/posts\/207903","targetHints":{"allow":["GET"]}}],"collection":[{"href":"https:\/\/diarioregionaldigital.com.br\/index.php?rest_route=\/wp\/v2\/posts"}],"about":[{"href":"https:\/\/diarioregionaldigital.com.br\/index.php?rest_route=\/wp\/v2\/types\/post"}],"author":[{"embeddable":true,"href":"https:\/\/diarioregionaldigital.com.br\/index.php?rest_route=\/wp\/v2\/users\/246"}],"replies":[{"embeddable":true,"href":"https:\/\/diarioregionaldigital.com.br\/index.php?rest_route=%2Fwp%2Fv2%2Fcomments&post=207903"}],"version-history":[{"count":1,"href":"https:\/\/diarioregionaldigital.com.br\/index.php?rest_route=\/wp\/v2\/posts\/207903\/revisions"}],"predecessor-version":[{"id":207905,"href":"https:\/\/diarioregionaldigital.com.br\/index.php?rest_route=\/wp\/v2\/posts\/207903\/revisions\/207905"}],"wp:featuredmedia":[{"embeddable":true,"href":"https:\/\/diarioregionaldigital.com.br\/index.php?rest_route=\/wp\/v2\/media\/207904"}],"wp:attachment":[{"href":"https:\/\/diarioregionaldigital.com.br\/index.php?rest_route=%2Fwp%2Fv2%2Fmedia&parent=207903"}],"wp:term":[{"taxonomy":"category","embeddable":true,"href":"https:\/\/diarioregionaldigital.com.br\/index.php?rest_route=%2Fwp%2Fv2%2Fcategories&post=207903"},{"taxonomy":"post_tag","embeddable":true,"href":"https:\/\/diarioregionaldigital.com.br\/index.php?rest_route=%2Fwp%2Fv2%2Ftags&post=207903"}],"curies":[{"name":"wp","href":"https:\/\/api.w.org\/{rel}","templated":true}]}}