{"id":207900,"date":"2022-12-16T17:28:19","date_gmt":"2022-12-16T20:28:19","guid":{"rendered":"https:\/\/diarioregionaldigital.com.br\/?p=207900"},"modified":"2022-12-16T17:28:19","modified_gmt":"2022-12-16T20:28:19","slug":"fgv-registra-variacao-de-01-em-outubro-na-atividade-economica","status":"publish","type":"post","link":"https:\/\/diarioregionaldigital.com.br\/?p=207900","title":{"rendered":"FGV registra varia\u00e7\u00e3o de 0,1% em outubro na atividade econ\u00f4mica"},"content":{"rendered":"<p>O\u00a0Monitor do PIB-FGV mostra\u00a0crescimento de 0,1% na atividade econ\u00f4mica em outubro, em compara\u00e7\u00e3o a setembro, considerando-se dados com ajuste sazonal. Na compara\u00e7\u00e3o interanual, o crescimento da economia em outubro foi de 2,8%. Na an\u00e1lise trimestral interanual, a economia cresceu 3,3% no trimestre m\u00f3vel encerrado\u00a0em outubro.<img decoding=\"async\" src=\"https:\/\/agenciabrasil.ebc.com.br\/ebc.png?id=1498841&amp;o=node\" \/><img decoding=\"async\" src=\"https:\/\/agenciabrasil.ebc.com.br\/ebc.gif?id=1498841&amp;o=node\" \/><\/p>\n<p>O dado foi divulgado\u00a0hoje\u00a0(16) pelo Instituto Brasileiro de Economia da Funda\u00e7\u00e3o Getulio Vargas (Ibre\/FGV).<\/p>\n<p>Segundo\u00a0a coordenadora da pesquisa,\u00a0Juliana Trece,\u00a0o\u00a0crescimento do\u00a0Produto Interno Bruto (PIB)\u00a0em outubro deve-se, principalmente, ao bom desempenho do setor de servi\u00e7os e do consumo.<\/p>\n<p>\u201cAssim como tem ocorrido durante todo o ano de 2022, esses componentes seguem contribuindo positivamente apara o desempenho da economia. Destaca-se que ap\u00f3s dois recuos consecutivos da atividade econ\u00f4mica, o crescimento de 0,1% \u00e9 considerado modesto, por\u00e9m n\u00e3o deixa de mostrar que a economia ainda d\u00e1 ind\u00edcios de crescimento, apesar da maior influ\u00eancia do aperto monet\u00e1rio causado pelos altos juros\u201d,\u00a0disse.<\/p>\n<p>Em termos monet\u00e1rios, estima-se que o acumulado do PIB at\u00e9 outubro de 2022, em valores correntes, foi de R$ 8,158\u00a0trilh\u00f5es.<\/p>\n<h2>Consumo das fam\u00edlias<\/h2>\n<p>O consumo das fam\u00edlias cresceu 5,7% no trimestre m\u00f3vel terminado em outubro. Conforme a pesquisa, a contribui\u00e7\u00e3o positiva do consumo de produtos n\u00e3o dur\u00e1veis segue aumentando desde o segundo trimestre. O principal motor do crescimento do consumo continua sendo os servi\u00e7os. Ap\u00f3s\u00a0ter\u00a0apresentado mais de um ano de queda (desde o terceiro trimestre de 2021), o consumo de produtos dur\u00e1veis cresceu no trimestre m\u00f3vel findo em outubro.<\/p>\n<h2>Forma\u00e7\u00e3o bruta de capital fixo (FBCF)<\/h2>\n<p>A\u00a0Forma\u00e7\u00e3o bruta de capital fixo (FBCF),\u00a0que s\u00e3o os investimentos,\u00a0cresceu 6,4% no trimestre m\u00f3vel terminado em outubro com relevante contribui\u00e7\u00e3o do segmento de m\u00e1quinas e equipamentos. Apesar de iniciado o ano contribuindo negativamente para a FBCF, no trimestre m\u00f3vel findo em outubro a contribui\u00e7\u00e3o de m\u00e1quinas e equipamentos representou cerca de 70% do crescimento do componente.<\/p>\n<p>Segundo o estudo, esse crescimento \u00e9 explicado principalmente pelo desempenho das m\u00e1quinas e equipamentos importados, com destaque para o segmento de caminh\u00f5es, \u00f4nibus, reboques e carrocerias.<\/p>\n<h2>Exporta\u00e7\u00e3o\u00a0e importa\u00e7\u00e3o<\/h2>\n<p>A exporta\u00e7\u00e3o de bens e servi\u00e7os cresceu 11,4% no trimestre m\u00f3vel encerrado\u00a0em outubro. \u00c0 exce\u00e7\u00e3o da exporta\u00e7\u00e3o de produtos da extrativa mineral, os demais segmentos contribu\u00edram positivamente para esse crescimento.<\/p>\n<p>A importa\u00e7\u00e3o de bens e servi\u00e7os aumentou 11,9% mesmo per\u00edodo. As maiores contribui\u00e7\u00f5es para esse crescimento foram a importa\u00e7\u00e3o de servi\u00e7os (5,6%), de bens intermedi\u00e1rios (4,7%) e de bens de capital (2,9%). \u201cOs demais segmentos da importa\u00e7\u00e3o retra\u00edram, por\u00e9m em pequena magnitude, o que explica a pouca contribui\u00e7\u00e3o na redu\u00e7\u00e3o do crescimento das importa\u00e7\u00f5es\u201d, diz o Ibre\/FGV.<\/p>\n<p><span style=\"font-weight: 400;\">Fonte: Ag\u00eancia Brasil<\/span><\/p>\n","protected":false},"excerpt":{"rendered":"<p>O\u00a0Monitor do PIB-FGV mostra\u00a0crescimento de 0,1% na atividade econ\u00f4mica em outubro, em compara\u00e7\u00e3o a setembro, considerando-se dados com ajuste sazonal. Na compara\u00e7\u00e3o interanual, o crescimento da economia em outubro foi de 2,8%. Na an\u00e1lise trimestral interanual, a economia cresceu 3,3% no trimestre m\u00f3vel encerrado\u00a0em outubro. O dado foi divulgado\u00a0hoje\u00a0(16) pelo Instituto Brasileiro de Economia da [&hellip;]<\/p>\n","protected":false},"author":246,"featured_media":207901,"comment_status":"closed","ping_status":"closed","sticky":false,"template":"","format":"standard","meta":{"footnotes":""},"categories":[436,261,439],"tags":[],"class_list":["post-207900","post","type-post","status-publish","format-standard","has-post-thumbnail","hentry","category-destaque-da-semana","category-economia","category-ultima-hora"],"_links":{"self":[{"href":"https:\/\/diarioregionaldigital.com.br\/index.php?rest_route=\/wp\/v2\/posts\/207900","targetHints":{"allow":["GET"]}}],"collection":[{"href":"https:\/\/diarioregionaldigital.com.br\/index.php?rest_route=\/wp\/v2\/posts"}],"about":[{"href":"https:\/\/diarioregionaldigital.com.br\/index.php?rest_route=\/wp\/v2\/types\/post"}],"author":[{"embeddable":true,"href":"https:\/\/diarioregionaldigital.com.br\/index.php?rest_route=\/wp\/v2\/users\/246"}],"replies":[{"embeddable":true,"href":"https:\/\/diarioregionaldigital.com.br\/index.php?rest_route=%2Fwp%2Fv2%2Fcomments&post=207900"}],"version-history":[{"count":1,"href":"https:\/\/diarioregionaldigital.com.br\/index.php?rest_route=\/wp\/v2\/posts\/207900\/revisions"}],"predecessor-version":[{"id":207902,"href":"https:\/\/diarioregionaldigital.com.br\/index.php?rest_route=\/wp\/v2\/posts\/207900\/revisions\/207902"}],"wp:featuredmedia":[{"embeddable":true,"href":"https:\/\/diarioregionaldigital.com.br\/index.php?rest_route=\/wp\/v2\/media\/207901"}],"wp:attachment":[{"href":"https:\/\/diarioregionaldigital.com.br\/index.php?rest_route=%2Fwp%2Fv2%2Fmedia&parent=207900"}],"wp:term":[{"taxonomy":"category","embeddable":true,"href":"https:\/\/diarioregionaldigital.com.br\/index.php?rest_route=%2Fwp%2Fv2%2Fcategories&post=207900"},{"taxonomy":"post_tag","embeddable":true,"href":"https:\/\/diarioregionaldigital.com.br\/index.php?rest_route=%2Fwp%2Fv2%2Ftags&post=207900"}],"curies":[{"name":"wp","href":"https:\/\/api.w.org\/{rel}","templated":true}]}}