{"id":207891,"date":"2022-12-16T17:21:22","date_gmt":"2022-12-16T20:21:22","guid":{"rendered":"https:\/\/diarioregionaldigital.com.br\/?p=207891"},"modified":"2022-12-16T17:21:22","modified_gmt":"2022-12-16T20:21:22","slug":"conselho-do-fgts-amplia-em-5-valores-do-casa-verde-e-amarela","status":"publish","type":"post","link":"https:\/\/diarioregionaldigital.com.br\/?p=207891","title":{"rendered":"Conselho do FGTS amplia em 5% valores do Casa Verde e Amarela"},"content":{"rendered":"<p>O Conselho Curador do Fundo de Garantia do Tempo de Servi\u00e7o (FGTS) ampliou em 5% os valores m\u00ednimos para venda e financiamento de im\u00f3veis pelo programa Casa Verde e Amarela, com exce\u00e7\u00e3o de Bras\u00edlia, do Rio de Janeiro e de S\u00e3o Paulo. Nesses locais, os atuais limites do programa foram mantidos. Tamb\u00e9m n\u00e3o houve mudan\u00e7a nos limites m\u00e1ximos dos im\u00f3veis para habita\u00e7\u00e3o popular.<img decoding=\"async\" src=\"https:\/\/agenciabrasil.ebc.com.br\/ebc.png?id=1498911&amp;o=node\" \/><img decoding=\"async\" src=\"https:\/\/agenciabrasil.ebc.com.br\/ebc.gif?id=1498911&amp;o=node\" \/><\/p>\n<p>Em reuni\u00e3o extraordin\u00e1ria nesta sexta-feira (16), o conselho prorrogou, por seis meses, as atuais taxas de juros cobradas do grupo 3 do Casa Verde e Amarela e da linha Pr\u00f3-Cotistas. Os juros cobrados desses p\u00fablicos, entre 7,66% a 8,16% ao ano, v\u00e3o valer at\u00e9 30 de junho de 2023.<\/p>\n<p>O Grupo 3 do Casa Verde e Amarela beneficia mutu\u00e1rios que ganham entre R$ 4,4 mil e R$ 8 mil por m\u00eas, a faixa de renda mais elevada do programa. O Pr\u00f3-Cotista concede financiamentos com recursos do FGTS a quem n\u00e3o tem acesso ao Casa Verde e Amarela.<\/p>\n<p>As medidas foram propostas pelo Minist\u00e9rio do Desenvolvimento Regional sob a justificativa de que um ter\u00e7o dos im\u00f3veis constru\u00eddos para o p\u00fablico do Casa Verde e Amarela precisou ser destinado a outros p\u00fablicos por causa de dificuldades na comercializa\u00e7\u00e3o, principalmente fora do eixo Bras\u00edlia, Rio e S\u00e3o Paulo. O representante da pasta, o conselheiro Helder Lopez Cunha Silva, reconheceu que a mudan\u00e7a precisava ser mais estrutural.<\/p>\n<p>O \u00fanico conselheiro que n\u00e3o votou a favor da mudan\u00e7a foi o representante da Federa\u00e7\u00e3o Nacional do Com\u00e9rcio de Bens, Servi\u00e7os e Turismo, Abelardo Diz. Segundo ele, as mudan\u00e7as n\u00e3o atingem os objetivos propostos.<\/p>\n<p>O aumento de 5% nos valores dos im\u00f3veis cobre menos da metade da varia\u00e7\u00e3o do \u00cdndice Nacional de Custo da Constru\u00e7\u00e3o (INCC), que acumula 11% nos \u00faltimos 15 meses, quando houve a \u00faltima atualiza\u00e7\u00e3o dos valores das habita\u00e7\u00f5es financiadas via FGTS.<\/p>\n<p><span style=\"font-weight: 400;\">Fonte: Ag\u00eancia Brasil<\/span><\/p>\n","protected":false},"excerpt":{"rendered":"<p>O Conselho Curador do Fundo de Garantia do Tempo de Servi\u00e7o (FGTS) ampliou em 5% os valores m\u00ednimos para venda e financiamento de im\u00f3veis pelo programa Casa Verde e Amarela, com exce\u00e7\u00e3o de Bras\u00edlia, do Rio de Janeiro e de S\u00e3o Paulo. Nesses locais, os atuais limites do programa foram mantidos. Tamb\u00e9m n\u00e3o houve mudan\u00e7a [&hellip;]<\/p>\n","protected":false},"author":246,"featured_media":207892,"comment_status":"closed","ping_status":"closed","sticky":false,"template":"","format":"standard","meta":{"footnotes":""},"categories":[436,440,261,439],"tags":[],"class_list":["post-207891","post","type-post","status-publish","format-standard","has-post-thumbnail","hentry","category-destaque-da-semana","category-destaques-do-dia","category-economia","category-ultima-hora"],"_links":{"self":[{"href":"https:\/\/diarioregionaldigital.com.br\/index.php?rest_route=\/wp\/v2\/posts\/207891","targetHints":{"allow":["GET"]}}],"collection":[{"href":"https:\/\/diarioregionaldigital.com.br\/index.php?rest_route=\/wp\/v2\/posts"}],"about":[{"href":"https:\/\/diarioregionaldigital.com.br\/index.php?rest_route=\/wp\/v2\/types\/post"}],"author":[{"embeddable":true,"href":"https:\/\/diarioregionaldigital.com.br\/index.php?rest_route=\/wp\/v2\/users\/246"}],"replies":[{"embeddable":true,"href":"https:\/\/diarioregionaldigital.com.br\/index.php?rest_route=%2Fwp%2Fv2%2Fcomments&post=207891"}],"version-history":[{"count":1,"href":"https:\/\/diarioregionaldigital.com.br\/index.php?rest_route=\/wp\/v2\/posts\/207891\/revisions"}],"predecessor-version":[{"id":207893,"href":"https:\/\/diarioregionaldigital.com.br\/index.php?rest_route=\/wp\/v2\/posts\/207891\/revisions\/207893"}],"wp:featuredmedia":[{"embeddable":true,"href":"https:\/\/diarioregionaldigital.com.br\/index.php?rest_route=\/wp\/v2\/media\/207892"}],"wp:attachment":[{"href":"https:\/\/diarioregionaldigital.com.br\/index.php?rest_route=%2Fwp%2Fv2%2Fmedia&parent=207891"}],"wp:term":[{"taxonomy":"category","embeddable":true,"href":"https:\/\/diarioregionaldigital.com.br\/index.php?rest_route=%2Fwp%2Fv2%2Fcategories&post=207891"},{"taxonomy":"post_tag","embeddable":true,"href":"https:\/\/diarioregionaldigital.com.br\/index.php?rest_route=%2Fwp%2Fv2%2Ftags&post=207891"}],"curies":[{"name":"wp","href":"https:\/\/api.w.org\/{rel}","templated":true}]}}