{"id":207887,"date":"2022-12-16T00:47:37","date_gmt":"2022-12-16T03:47:37","guid":{"rendered":"https:\/\/diarioregionaldigital.com.br\/?p=207887"},"modified":"2022-12-16T00:47:37","modified_gmt":"2022-12-16T03:47:37","slug":"prefeitura-municipal-de-descoberto-extrato-de-contrato-no082-16-12-2022","status":"publish","type":"post","link":"https:\/\/diarioregionaldigital.com.br\/?p=207887","title":{"rendered":"Prefeitura Municipal de Descoberto &#8211; Extrato de Contrato n\u00ba082 &#8211; 16\/12\/2022"},"content":{"rendered":"<p style=\"text-align: center;\"><strong>EXTRATO DE CONTRATO<\/strong><\/p>\n<p style=\"text-align: center;\">Pref. Municipal de Descoberto x Energiax Projetos e Execu\u00e7\u00e3o de Servi\u00e7os El\u00e9tricos Ltda- Objeto: Contrata\u00e7\u00e3o de empresa especializada para realiza\u00e7\u00e3o de obra de reforma el\u00e9trica na Pra\u00e7a Sebasti\u00e3o Teixeira Lopes Lima &#8211; Fundamento: Carta Convite\u00a0 004\/2022 \u2013 Valor Global: 35.812,55 \u2013 Vig\u00eancia: 01 m\u00eas \u2013 Dot or\u00e7: 02.02006.25.752.0010.220-339030\/100- 02.02006.25.752.0010.220-339039\/100- Ass: 16\/12\/2022- Foro: S\u00e3o Jo\u00e3o Nepomuceno\/MG.<\/p>\n<p style=\"text-align: center;\"><strong>Marcos de Ara\u00fajo Lima<\/strong><\/p>\n<p style=\"text-align: center;\"><strong>Prefeito Municipal<\/strong><\/p>\n","protected":false},"excerpt":{"rendered":"<p>EXTRATO DE CONTRATO Pref. Municipal de Descoberto x Energiax Projetos e Execu\u00e7\u00e3o de Servi\u00e7os El\u00e9tricos Ltda- Objeto: Contrata\u00e7\u00e3o de empresa especializada para realiza\u00e7\u00e3o de obra de reforma el\u00e9trica na Pra\u00e7a Sebasti\u00e3o Teixeira Lopes Lima &#8211; Fundamento: Carta Convite\u00a0 004\/2022 \u2013 Valor Global: 35.812,55 \u2013 Vig\u00eancia: 01 m\u00eas \u2013 Dot or\u00e7: 02.02006.25.752.0010.220-339030\/100- 02.02006.25.752.0010.220-339039\/100- Ass: 16\/12\/2022- Foro: [&hellip;]<\/p>\n","protected":false},"author":96,"featured_media":0,"comment_status":"closed","ping_status":"closed","sticky":false,"template":"","format":"standard","meta":{"footnotes":""},"categories":[307],"tags":[],"class_list":["post-207887","post","type-post","status-publish","format-standard","hentry","category-editais"],"_links":{"self":[{"href":"https:\/\/diarioregionaldigital.com.br\/index.php?rest_route=\/wp\/v2\/posts\/207887","targetHints":{"allow":["GET"]}}],"collection":[{"href":"https:\/\/diarioregionaldigital.com.br\/index.php?rest_route=\/wp\/v2\/posts"}],"about":[{"href":"https:\/\/diarioregionaldigital.com.br\/index.php?rest_route=\/wp\/v2\/types\/post"}],"author":[{"embeddable":true,"href":"https:\/\/diarioregionaldigital.com.br\/index.php?rest_route=\/wp\/v2\/users\/96"}],"replies":[{"embeddable":true,"href":"https:\/\/diarioregionaldigital.com.br\/index.php?rest_route=%2Fwp%2Fv2%2Fcomments&post=207887"}],"version-history":[{"count":1,"href":"https:\/\/diarioregionaldigital.com.br\/index.php?rest_route=\/wp\/v2\/posts\/207887\/revisions"}],"predecessor-version":[{"id":207888,"href":"https:\/\/diarioregionaldigital.com.br\/index.php?rest_route=\/wp\/v2\/posts\/207887\/revisions\/207888"}],"wp:attachment":[{"href":"https:\/\/diarioregionaldigital.com.br\/index.php?rest_route=%2Fwp%2Fv2%2Fmedia&parent=207887"}],"wp:term":[{"taxonomy":"category","embeddable":true,"href":"https:\/\/diarioregionaldigital.com.br\/index.php?rest_route=%2Fwp%2Fv2%2Fcategories&post=207887"},{"taxonomy":"post_tag","embeddable":true,"href":"https:\/\/diarioregionaldigital.com.br\/index.php?rest_route=%2Fwp%2Fv2%2Ftags&post=207887"}],"curies":[{"name":"wp","href":"https:\/\/api.w.org\/{rel}","templated":true}]}}