{"id":207885,"date":"2022-12-16T00:44:32","date_gmt":"2022-12-16T03:44:32","guid":{"rendered":"https:\/\/diarioregionaldigital.com.br\/?p=207885"},"modified":"2022-12-16T00:44:32","modified_gmt":"2022-12-16T03:44:32","slug":"prefeitura-municipal-de-descoberto-extrato-de-contrato-no081-16-12-2022","status":"publish","type":"post","link":"https:\/\/diarioregionaldigital.com.br\/?p=207885","title":{"rendered":"Prefeitura Municipal de Descoberto &#8211; Extrato de Contrato n\u00ba081 &#8211; 16\/12\/2022"},"content":{"rendered":"<p style=\"text-align: center;\"><strong>EXTRATO DE CONTRATO<\/strong><\/p>\n<p style=\"text-align: center;\">Pref. Municipal de Descoberto x Odontologia Carpinetti \u00a0Ltda- Objeto: Aquisi\u00e7\u00e3o de Pr\u00f3teses Dent\u00e1ria &#8211; Fundamento: Preg\u00e3o\u00a0\u00a0 030\/2022 \u2013 Valor Global: 98.640,00\u2013 Vig\u00eancia: 12 meses \u2013 Dot or\u00e7: 02.02005.10.301.0004.284-339039\/102- Ass: 16\/12\/2022- Foro: S\u00e3o Jo\u00e3o Nepomuceno\/MG.<\/p>\n<p style=\"text-align: center;\"><strong>Marcos de Ara\u00fajo Lima<\/strong><\/p>\n<p style=\"text-align: center;\"><strong>Prefeito Municipal<\/strong><\/p>\n","protected":false},"excerpt":{"rendered":"<p>EXTRATO DE CONTRATO Pref. Municipal de Descoberto x Odontologia Carpinetti \u00a0Ltda- Objeto: Aquisi\u00e7\u00e3o de Pr\u00f3teses Dent\u00e1ria &#8211; Fundamento: Preg\u00e3o\u00a0\u00a0 030\/2022 \u2013 Valor Global: 98.640,00\u2013 Vig\u00eancia: 12 meses \u2013 Dot or\u00e7: 02.02005.10.301.0004.284-339039\/102- Ass: 16\/12\/2022- Foro: S\u00e3o Jo\u00e3o Nepomuceno\/MG. Marcos de Ara\u00fajo Lima Prefeito Municipal<\/p>\n","protected":false},"author":96,"featured_media":0,"comment_status":"closed","ping_status":"closed","sticky":false,"template":"","format":"standard","meta":{"footnotes":""},"categories":[307],"tags":[],"class_list":["post-207885","post","type-post","status-publish","format-standard","hentry","category-editais"],"_links":{"self":[{"href":"https:\/\/diarioregionaldigital.com.br\/index.php?rest_route=\/wp\/v2\/posts\/207885","targetHints":{"allow":["GET"]}}],"collection":[{"href":"https:\/\/diarioregionaldigital.com.br\/index.php?rest_route=\/wp\/v2\/posts"}],"about":[{"href":"https:\/\/diarioregionaldigital.com.br\/index.php?rest_route=\/wp\/v2\/types\/post"}],"author":[{"embeddable":true,"href":"https:\/\/diarioregionaldigital.com.br\/index.php?rest_route=\/wp\/v2\/users\/96"}],"replies":[{"embeddable":true,"href":"https:\/\/diarioregionaldigital.com.br\/index.php?rest_route=%2Fwp%2Fv2%2Fcomments&post=207885"}],"version-history":[{"count":1,"href":"https:\/\/diarioregionaldigital.com.br\/index.php?rest_route=\/wp\/v2\/posts\/207885\/revisions"}],"predecessor-version":[{"id":207886,"href":"https:\/\/diarioregionaldigital.com.br\/index.php?rest_route=\/wp\/v2\/posts\/207885\/revisions\/207886"}],"wp:attachment":[{"href":"https:\/\/diarioregionaldigital.com.br\/index.php?rest_route=%2Fwp%2Fv2%2Fmedia&parent=207885"}],"wp:term":[{"taxonomy":"category","embeddable":true,"href":"https:\/\/diarioregionaldigital.com.br\/index.php?rest_route=%2Fwp%2Fv2%2Fcategories&post=207885"},{"taxonomy":"post_tag","embeddable":true,"href":"https:\/\/diarioregionaldigital.com.br\/index.php?rest_route=%2Fwp%2Fv2%2Ftags&post=207885"}],"curies":[{"name":"wp","href":"https:\/\/api.w.org\/{rel}","templated":true}]}}