{"id":207879,"date":"2022-12-15T21:02:23","date_gmt":"2022-12-16T00:02:23","guid":{"rendered":"https:\/\/diarioregionaldigital.com.br\/?p=207879"},"modified":"2022-12-15T21:02:23","modified_gmt":"2022-12-16T00:02:23","slug":"suspensao-de-energia-pode-afetar-abastecimento-nos-distritos-de-valadares-e-igrejinha-nesta-sexta-16-e-segunda-19","status":"publish","type":"post","link":"https:\/\/diarioregionaldigital.com.br\/?p=207879","title":{"rendered":"Suspens\u00e3o de energia pode afetar abastecimento nos distritos de Valadares e Igrejinha nesta sexta, 16, e segunda, 19"},"content":{"rendered":"<p>Segundo informa\u00e7\u00f5es do site da Prefeitura de Juiz de Fora (PJF), como parte dos servi\u00e7os de manuten\u00e7\u00e3o da Companhia Energ\u00e9tica de Minas Gerais (Cemig), est\u00e1 programada a suspens\u00e3o no fornecimento de energia el\u00e9trica para o Distrito de Valadares, nesta sexta-feira, 16, de 12h \u00e0s 16h. Em virtude disso, durante esse per\u00edodo, ser\u00e1 preciso interromper o funcionamento do sistema de distribui\u00e7\u00e3o de \u00e1gua da Companhia de Saneamento Municipal (Cesama) que atende a regi\u00e3o, o que pode afetar o abastecimento no distrito ao longo do dia.<\/p>\n<p>J\u00e1 na pr\u00f3xima segunda, 19, a Cemig ir\u00e1 realizar o mesmo procedimento na comunidade de Igrejinha, de 9h \u00e0s 16h. Como consequ\u00eancia do servi\u00e7o, ser\u00e1 necess\u00e1rio suspender o abastecimento local durante a interven\u00e7\u00e3o.<\/p>\n<p>Desta forma, a Cesama pede a compreens\u00e3o dos moradores para que economizem \u00e1gua at\u00e9 que os servi\u00e7os da Cemig estejam conclu\u00eddos. A previs\u00e3o \u00e9 de que o fornecimento de \u00e1gua no Distrito de Valadares seja regularizado durante a noite desta sexta. Para a comunidade de Igrejinha, a estimativa \u00e9 de que o abastecimento se normalize na noite de segunda.<\/p>\n","protected":false},"excerpt":{"rendered":"<p>Segundo informa\u00e7\u00f5es do site da Prefeitura de Juiz de Fora (PJF), como parte dos servi\u00e7os de manuten\u00e7\u00e3o da Companhia Energ\u00e9tica de Minas Gerais (Cemig), est\u00e1 programada a suspens\u00e3o no fornecimento de energia el\u00e9trica para o Distrito de Valadares, nesta sexta-feira, 16, de 12h \u00e0s 16h. Em virtude disso, durante esse per\u00edodo, ser\u00e1 preciso interromper o [&hellip;]<\/p>\n","protected":false},"author":246,"featured_media":207880,"comment_status":"closed","ping_status":"closed","sticky":false,"template":"","format":"standard","meta":{"footnotes":""},"categories":[253,436,439],"tags":[],"class_list":["post-207879","post","type-post","status-publish","format-standard","has-post-thumbnail","hentry","category-cidade","category-destaque-da-semana","category-ultima-hora"],"_links":{"self":[{"href":"https:\/\/diarioregionaldigital.com.br\/index.php?rest_route=\/wp\/v2\/posts\/207879","targetHints":{"allow":["GET"]}}],"collection":[{"href":"https:\/\/diarioregionaldigital.com.br\/index.php?rest_route=\/wp\/v2\/posts"}],"about":[{"href":"https:\/\/diarioregionaldigital.com.br\/index.php?rest_route=\/wp\/v2\/types\/post"}],"author":[{"embeddable":true,"href":"https:\/\/diarioregionaldigital.com.br\/index.php?rest_route=\/wp\/v2\/users\/246"}],"replies":[{"embeddable":true,"href":"https:\/\/diarioregionaldigital.com.br\/index.php?rest_route=%2Fwp%2Fv2%2Fcomments&post=207879"}],"version-history":[{"count":1,"href":"https:\/\/diarioregionaldigital.com.br\/index.php?rest_route=\/wp\/v2\/posts\/207879\/revisions"}],"predecessor-version":[{"id":207881,"href":"https:\/\/diarioregionaldigital.com.br\/index.php?rest_route=\/wp\/v2\/posts\/207879\/revisions\/207881"}],"wp:featuredmedia":[{"embeddable":true,"href":"https:\/\/diarioregionaldigital.com.br\/index.php?rest_route=\/wp\/v2\/media\/207880"}],"wp:attachment":[{"href":"https:\/\/diarioregionaldigital.com.br\/index.php?rest_route=%2Fwp%2Fv2%2Fmedia&parent=207879"}],"wp:term":[{"taxonomy":"category","embeddable":true,"href":"https:\/\/diarioregionaldigital.com.br\/index.php?rest_route=%2Fwp%2Fv2%2Fcategories&post=207879"},{"taxonomy":"post_tag","embeddable":true,"href":"https:\/\/diarioregionaldigital.com.br\/index.php?rest_route=%2Fwp%2Fv2%2Ftags&post=207879"}],"curies":[{"name":"wp","href":"https:\/\/api.w.org\/{rel}","templated":true}]}}