{"id":207876,"date":"2022-12-15T21:01:07","date_gmt":"2022-12-16T00:01:07","guid":{"rendered":"https:\/\/diarioregionaldigital.com.br\/?p=207876"},"modified":"2022-12-15T21:01:07","modified_gmt":"2022-12-16T00:01:07","slug":"srh-realiza-encontro-com-setores-da-pjf-para-apresentacao-de-nova-estrutura-interna","status":"publish","type":"post","link":"https:\/\/diarioregionaldigital.com.br\/?p=207876","title":{"rendered":"SRH realiza encontro com setores da PJF para apresenta\u00e7\u00e3o de nova estrutura interna"},"content":{"rendered":"<p>Segundo informa\u00e7\u00f5es do site da Prefeitura de Juiz de Fora (PJF), a\u00a0Secretaria de Recursos Humanos (SRH) da Prefeitura de Juiz de Fora (PJF) promoveu nesta quinta-feira, 15, a apresenta\u00e7\u00e3o da reestrutura\u00e7\u00e3o interna da unidade. Na pr\u00e1tica, a SRH ter\u00e1 uma s\u00e9rie de ajustes internos de forma a otimizar os processos de trabalho relacionados a recursos humanos na PJF.<\/p>\n<p>Pela manh\u00e3, o encontro reuniu a equipe completa da Secretaria, dividida em duas turmas. Na parte da tarde, os gestores da SRH se reuniram com os gerentes e supervisores de monitoramento pessoal dos departamentos de execu\u00e7\u00e3o instrumental (Deins) das demais secretarias.<\/p>\n<p>O secret\u00e1rio de Recursos Humanos, Rog\u00e9rio de Freitas, ressaltou a import\u00e2ncia dos ajustes visando a melhoria dos processos de trabalho. &#8220;Cada setor de monitoramento pessoal em cada secretaria precisa se entender como um gestor de recursos humanos. O objetivo desse encontro foi de alinharmos, tanto internamente pr\u00f3pria secretaria quanto nas demais, essa estrutura que est\u00e1 sendo ajustada&#8221;, explicou.<\/p>\n<p>O subsecret\u00e1rio de Pessoas, Andrei Pereira, conduziu a apresenta\u00e7\u00e3o. &#8220;Algumas atribui\u00e7\u00f5es est\u00e3o sendo migradas de departamentos justamente ap\u00f3s todo trabalho cont\u00ednuo que temos realizado junto \u00e0 assessoria da SRH. Esse dia de encontro foi importante para nivelar as rotinas internas de RH, al\u00e9m de integrar as equipes e refor\u00e7ar a interface com os diversos setores de recursos humanos da Prefeitura&#8221;, destacou.<\/p>\n<p>As altera\u00e7\u00f5es foram consolidadas considerando a estrutura existente, sem cria\u00e7\u00e3o de novas despesas. A expectativa \u00e9 que a resolu\u00e7\u00e3o com os ajustes seja publicada nos pr\u00f3ximos dias com vig\u00eancia a partir de janeiro de 2023.<\/p>\n<p>&nbsp;<\/p>\n","protected":false},"excerpt":{"rendered":"<p>Segundo informa\u00e7\u00f5es do site da Prefeitura de Juiz de Fora (PJF), a\u00a0Secretaria de Recursos Humanos (SRH) da Prefeitura de Juiz de Fora (PJF) promoveu nesta quinta-feira, 15, a apresenta\u00e7\u00e3o da reestrutura\u00e7\u00e3o interna da unidade. Na pr\u00e1tica, a SRH ter\u00e1 uma s\u00e9rie de ajustes internos de forma a otimizar os processos de trabalho relacionados a recursos [&hellip;]<\/p>\n","protected":false},"author":246,"featured_media":207877,"comment_status":"closed","ping_status":"closed","sticky":false,"template":"","format":"standard","meta":{"footnotes":""},"categories":[253,436,439],"tags":[],"class_list":["post-207876","post","type-post","status-publish","format-standard","has-post-thumbnail","hentry","category-cidade","category-destaque-da-semana","category-ultima-hora"],"_links":{"self":[{"href":"https:\/\/diarioregionaldigital.com.br\/index.php?rest_route=\/wp\/v2\/posts\/207876","targetHints":{"allow":["GET"]}}],"collection":[{"href":"https:\/\/diarioregionaldigital.com.br\/index.php?rest_route=\/wp\/v2\/posts"}],"about":[{"href":"https:\/\/diarioregionaldigital.com.br\/index.php?rest_route=\/wp\/v2\/types\/post"}],"author":[{"embeddable":true,"href":"https:\/\/diarioregionaldigital.com.br\/index.php?rest_route=\/wp\/v2\/users\/246"}],"replies":[{"embeddable":true,"href":"https:\/\/diarioregionaldigital.com.br\/index.php?rest_route=%2Fwp%2Fv2%2Fcomments&post=207876"}],"version-history":[{"count":1,"href":"https:\/\/diarioregionaldigital.com.br\/index.php?rest_route=\/wp\/v2\/posts\/207876\/revisions"}],"predecessor-version":[{"id":207878,"href":"https:\/\/diarioregionaldigital.com.br\/index.php?rest_route=\/wp\/v2\/posts\/207876\/revisions\/207878"}],"wp:featuredmedia":[{"embeddable":true,"href":"https:\/\/diarioregionaldigital.com.br\/index.php?rest_route=\/wp\/v2\/media\/207877"}],"wp:attachment":[{"href":"https:\/\/diarioregionaldigital.com.br\/index.php?rest_route=%2Fwp%2Fv2%2Fmedia&parent=207876"}],"wp:term":[{"taxonomy":"category","embeddable":true,"href":"https:\/\/diarioregionaldigital.com.br\/index.php?rest_route=%2Fwp%2Fv2%2Fcategories&post=207876"},{"taxonomy":"post_tag","embeddable":true,"href":"https:\/\/diarioregionaldigital.com.br\/index.php?rest_route=%2Fwp%2Fv2%2Ftags&post=207876"}],"curies":[{"name":"wp","href":"https:\/\/api.w.org\/{rel}","templated":true}]}}