{"id":207870,"date":"2022-12-15T20:57:36","date_gmt":"2022-12-15T23:57:36","guid":{"rendered":"https:\/\/diarioregionaldigital.com.br\/?p=207870"},"modified":"2022-12-15T20:57:36","modified_gmt":"2022-12-15T23:57:36","slug":"jf-e-o-que-importa-atrai-atividades-de-empresa-de-importacao-e-exportacao-em-juiz-de-fora","status":"publish","type":"post","link":"https:\/\/diarioregionaldigital.com.br\/?p=207870","title":{"rendered":"\u201cJF \u00e9 o que Importa\u201d atrai atividades de empresa de importa\u00e7\u00e3o e exporta\u00e7\u00e3o em Juiz de Fora"},"content":{"rendered":"<p>Segundo informa\u00e7\u00f5es do site da Prefeitura de Juiz de Fora (PJF), lan\u00e7ado no \u00faltimo m\u00eas pela Prefeitura de Juiz de Fora (PJF), por meio da Secretaria de Desenvolvimento Sustent\u00e1vel e Inclusivo, da Inova\u00e7\u00e3o e Competitividade (Sedic), o programa \u201cJF \u00e9 o que Importa\u201d apresenta os primeiros resultados: a empresa Aray Com\u00e9rcio de Importa\u00e7\u00e3o e Exporta\u00e7\u00e3o, que atualmente exerce as suas atividades em uma regi\u00e3o Suframada (\u00e1rea de abrang\u00eancia da Superintend\u00eancia da Zona Franca de Manaus), no norte do pa\u00eds, ir\u00e1 ampliar as suas atividades nem Juiz de Fora, via porto seco da cidade.\u00a0<strong><a href=\"https:\/\/www.pjf.mg.gov.br\/noticias\/view.php?modo=link2&amp;idnoticia2=77873\"><u>Conhe\u00e7a o programa<\/u><\/a><\/strong>.<\/p>\n<p>A respons\u00e1vel legal da empresa, Raysa Maranhas, destaca que a decis\u00e3o de abrir uma rota de importa\u00e7\u00e3o atrav\u00e9s do porto seco de Juiz de Fora ocorreu em virtude dos benef\u00edcios apresentados pelo Estado de Minas Gerais e de Juiz de Fora. \u201cA cidade se apresenta em um ponto geograficamente estrat\u00e9gico, o que facilita a distribui\u00e7\u00e3o da mercadoria para os Estados do Rio de Janeiro e de S\u00e3o Paulo. Al\u00e9m da oportunidade de fomentar o com\u00e9rcio local, o Munic\u00edpio possui conex\u00f5es rodovi\u00e1rias, ferrovi\u00e1rias, e com condi\u00e7\u00f5es de fazer desembara\u00e7o alfandeg\u00e1rio com seguran\u00e7a e agilidade. Outro ponto que merece destaque, al\u00e9m dos benef\u00edcios ofertados e da posi\u00e7\u00e3o geogr\u00e1fica, foi a recep\u00e7\u00e3o do Munic\u00edpio e do Estado, que vem oferecendo acesso ao di\u00e1logo e suporte \u00e0 empresa. A sinergia \u00e9 importante e transmite seguran\u00e7a para a empresa, que ter\u00e1 suas instala\u00e7\u00f5es no Munic\u00edpio\u201d, destaca Raysa Maranhas.<\/p>\n<p><strong>Juiz de Fora e estado de Minas apresentam as oportunidades a potenciais investidores<\/strong><\/p>\n<p>Dando continuidade ao programa \u201cJF \u00e9 o que Importa\u201d, representantes da Sedic e do\u00a0 Instituto de Desenvolvimento Integrado de Minas Gerais (Invest Minas) se reuniram, na \u00faltima ter\u00e7a-feira, 13, com a Aray Com\u00e9rcio Importa\u00e7\u00e3o e Exporta\u00e7\u00e3o para apresentar as vantagens de importa\u00e7\u00e3o em Juiz de Fora e no estado de Minas Gerais.<\/p>\n<p>A prefeita Margarida Salom\u00e3o abriu a reuni\u00e3o e destacou o trabalho do Munic\u00edpio para fortalecer Juiz de Fora como um grande polo do com\u00e9rcio exterior brasileiro. \u201cTemos o porto seco, j\u00e1 muito utilizado e com potencial de amplia\u00e7\u00e3o. Podemos viabilizar o Aeroporto da Zona da Mata para que a cidade venha a ser o grande polo que tem potencial de ser\u201d.<\/p>\n<p>O secret\u00e1rio de Desenvolvimento, Ignacio Delgado, falou das vantagens e oportunidades de Juiz de Fora, como posi\u00e7\u00e3o estrat\u00e9gica, modais de transporte, al\u00e9m de regimes especiais de tributa\u00e7\u00e3o oferecidos. \u201cTemos hoje o melhor regime tribut\u00e1rio do pa\u00eds, parecido com o de Santa Catarina, por\u00e9m, aqui, n\u00e3o temos tributos como o Fundo de Combate \u00e0 Pobreza. Em rela\u00e7\u00e3o \u00e0 log\u00edstica, estamos localizados no epicentro de 60% do PIB brasileiro. Ademais, n\u00e3o temos dificuldade no di\u00e1logo com as demais esferas federativas para encontrar as melhores solu\u00e7\u00f5es para os investidores e estamos de portas abertas para receb\u00ea-los\u201d.<\/p>\n<p>Representando o Invest Minas, a gerente Larissa Batista e o analista de Promo\u00e7\u00e3o de Investimentos, Caio Moura, destacaram o \u201cCorredor de Importa\u00e7\u00e3o\u201d, uma das modalidades de Tratamento Tribut\u00e1rio Setorial (TTS) mais solicitadas no estado, pelo qual os incentivos fiscais s\u00e3o concedidos por meio de um processo simplificado e \u00e1gil, j\u00e1 sendo padronizados por setor econ\u00f4mico, incluindo diferimento do ICMS e cr\u00e9dito presumido sobre esse mesmo tributo.<\/p>\n<p><strong>Sobre a empresa<\/strong><\/p>\n<p>No mercado h\u00e1 13 anos, a empresa faz parte do grupo chin\u00eas com sede em Wenzhou Zhejiang, na China. Atual propriet\u00e1ria da First Line, marca de jaquetas de material ecol\u00f3gico conhecido tamb\u00e9m como PU. A f\u00e1brica est\u00e1 sediada em Shangai, que \u00e9 o maior polo atacadista do mundo, com clientes espalhados por mais de 120 pa\u00edses e est\u00e1 presente em todos os continentes. A Aray tamb\u00e9m possui outras ramifica\u00e7\u00f5es, como importa\u00e7\u00e3o de piso de bambu e um centro de est\u00e9tica.<\/p>\n<p>De acordo com Raysa, hoje, o volume de opera\u00e7\u00f5es da Aray vai de 25 a 28 cont\u00eaineres por m\u00eas. Com a mudan\u00e7a, a empresa ir\u00e1 expandir o quadro de oito para 25 colaboradores. Em Juiz de Fora, a empresa trabalha com a venda em atacado e varejo de perucas e cabelos humanos.<\/p>\n","protected":false},"excerpt":{"rendered":"<p>Segundo informa\u00e7\u00f5es do site da Prefeitura de Juiz de Fora (PJF), lan\u00e7ado no \u00faltimo m\u00eas pela Prefeitura de Juiz de Fora (PJF), por meio da Secretaria de Desenvolvimento Sustent\u00e1vel e Inclusivo, da Inova\u00e7\u00e3o e Competitividade (Sedic), o programa \u201cJF \u00e9 o que Importa\u201d apresenta os primeiros resultados: a empresa Aray Com\u00e9rcio de Importa\u00e7\u00e3o e Exporta\u00e7\u00e3o, [&hellip;]<\/p>\n","protected":false},"author":246,"featured_media":207871,"comment_status":"closed","ping_status":"closed","sticky":false,"template":"","format":"standard","meta":{"footnotes":""},"categories":[253,436,440,439],"tags":[],"class_list":["post-207870","post","type-post","status-publish","format-standard","has-post-thumbnail","hentry","category-cidade","category-destaque-da-semana","category-destaques-do-dia","category-ultima-hora"],"_links":{"self":[{"href":"https:\/\/diarioregionaldigital.com.br\/index.php?rest_route=\/wp\/v2\/posts\/207870","targetHints":{"allow":["GET"]}}],"collection":[{"href":"https:\/\/diarioregionaldigital.com.br\/index.php?rest_route=\/wp\/v2\/posts"}],"about":[{"href":"https:\/\/diarioregionaldigital.com.br\/index.php?rest_route=\/wp\/v2\/types\/post"}],"author":[{"embeddable":true,"href":"https:\/\/diarioregionaldigital.com.br\/index.php?rest_route=\/wp\/v2\/users\/246"}],"replies":[{"embeddable":true,"href":"https:\/\/diarioregionaldigital.com.br\/index.php?rest_route=%2Fwp%2Fv2%2Fcomments&post=207870"}],"version-history":[{"count":1,"href":"https:\/\/diarioregionaldigital.com.br\/index.php?rest_route=\/wp\/v2\/posts\/207870\/revisions"}],"predecessor-version":[{"id":207872,"href":"https:\/\/diarioregionaldigital.com.br\/index.php?rest_route=\/wp\/v2\/posts\/207870\/revisions\/207872"}],"wp:featuredmedia":[{"embeddable":true,"href":"https:\/\/diarioregionaldigital.com.br\/index.php?rest_route=\/wp\/v2\/media\/207871"}],"wp:attachment":[{"href":"https:\/\/diarioregionaldigital.com.br\/index.php?rest_route=%2Fwp%2Fv2%2Fmedia&parent=207870"}],"wp:term":[{"taxonomy":"category","embeddable":true,"href":"https:\/\/diarioregionaldigital.com.br\/index.php?rest_route=%2Fwp%2Fv2%2Fcategories&post=207870"},{"taxonomy":"post_tag","embeddable":true,"href":"https:\/\/diarioregionaldigital.com.br\/index.php?rest_route=%2Fwp%2Fv2%2Ftags&post=207870"}],"curies":[{"name":"wp","href":"https:\/\/api.w.org\/{rel}","templated":true}]}}