{"id":207861,"date":"2022-12-15T20:50:07","date_gmt":"2022-12-15T23:50:07","guid":{"rendered":"https:\/\/diarioregionaldigital.com.br\/?p=207861"},"modified":"2022-12-15T20:50:07","modified_gmt":"2022-12-15T23:50:07","slug":"copa-do-mundo-de-halterofilismo-paralimpico-brasil-estreia-com-ouros","status":"publish","type":"post","link":"https:\/\/diarioregionaldigital.com.br\/?p=207861","title":{"rendered":"Copa do Mundo de halterofilismo paral\u00edmpico: Brasil estreia com ouros"},"content":{"rendered":"<p>O Brasil teve uma \u00f3tima estreia na Copa do Mundo de halterofilismo paral\u00edmpico. Na competi\u00e7\u00e3o disputada em Dubai (Emirados \u00c1rabes) at\u00e9 o dia 18 de dezembro, a sele\u00e7\u00e3o brasileira garantiu dois ouros e uma prata nesta quinta-feira (15).<img decoding=\"async\" src=\"https:\/\/agenciabrasil.ebc.com.br\/ebc.png?id=1498745&amp;o=node\" \/><img decoding=\"async\" src=\"https:\/\/agenciabrasil.ebc.com.br\/ebc.gif?id=1498745&amp;o=node\" \/><\/p>\n<div class=\"post-item-wrap\">\n<p>Na categoria at\u00e9 41 quilos (kg), a mineira Lara Aparecida ergueu 99 kg para garantir o lugar mais alto do p\u00f3dio. Com este triunfo, a atleta de Uberl\u00e2ndia assumiu a quinta posi\u00e7\u00e3o do ranking mundial.<\/p>\n<p>O outro ouro do dia saiu da categoria at\u00e9 50 kg, na qual a potiguar Maria Rizonaide levantou 95 kg. J\u00e1 a prata foi garantida pelo catarinense Ezequiel Correa, que levantou 180 kg na categoria at\u00e9 72 kg.<\/p>\n<\/div>\n<p class=\"alt-font font-italic my-2 small text-info\"><span style=\"font-weight: 400;\">Fonte: Ag\u00eancia Brasil\u00a0<\/span><span style=\"font-weight: 400;\"><br \/>\n<\/span><\/p>\n","protected":false},"excerpt":{"rendered":"<p>O Brasil teve uma \u00f3tima estreia na Copa do Mundo de halterofilismo paral\u00edmpico. Na competi\u00e7\u00e3o disputada em Dubai (Emirados \u00c1rabes) at\u00e9 o dia 18 de dezembro, a sele\u00e7\u00e3o brasileira garantiu dois ouros e uma prata nesta quinta-feira (15). Na categoria at\u00e9 41 quilos (kg), a mineira Lara Aparecida ergueu 99 kg para garantir o lugar [&hellip;]<\/p>\n","protected":false},"author":246,"featured_media":207862,"comment_status":"closed","ping_status":"closed","sticky":false,"template":"","format":"standard","meta":{"footnotes":""},"categories":[436,257,439],"tags":[],"class_list":["post-207861","post","type-post","status-publish","format-standard","has-post-thumbnail","hentry","category-destaque-da-semana","category-esporte","category-ultima-hora"],"_links":{"self":[{"href":"https:\/\/diarioregionaldigital.com.br\/index.php?rest_route=\/wp\/v2\/posts\/207861","targetHints":{"allow":["GET"]}}],"collection":[{"href":"https:\/\/diarioregionaldigital.com.br\/index.php?rest_route=\/wp\/v2\/posts"}],"about":[{"href":"https:\/\/diarioregionaldigital.com.br\/index.php?rest_route=\/wp\/v2\/types\/post"}],"author":[{"embeddable":true,"href":"https:\/\/diarioregionaldigital.com.br\/index.php?rest_route=\/wp\/v2\/users\/246"}],"replies":[{"embeddable":true,"href":"https:\/\/diarioregionaldigital.com.br\/index.php?rest_route=%2Fwp%2Fv2%2Fcomments&post=207861"}],"version-history":[{"count":1,"href":"https:\/\/diarioregionaldigital.com.br\/index.php?rest_route=\/wp\/v2\/posts\/207861\/revisions"}],"predecessor-version":[{"id":207863,"href":"https:\/\/diarioregionaldigital.com.br\/index.php?rest_route=\/wp\/v2\/posts\/207861\/revisions\/207863"}],"wp:featuredmedia":[{"embeddable":true,"href":"https:\/\/diarioregionaldigital.com.br\/index.php?rest_route=\/wp\/v2\/media\/207862"}],"wp:attachment":[{"href":"https:\/\/diarioregionaldigital.com.br\/index.php?rest_route=%2Fwp%2Fv2%2Fmedia&parent=207861"}],"wp:term":[{"taxonomy":"category","embeddable":true,"href":"https:\/\/diarioregionaldigital.com.br\/index.php?rest_route=%2Fwp%2Fv2%2Fcategories&post=207861"},{"taxonomy":"post_tag","embeddable":true,"href":"https:\/\/diarioregionaldigital.com.br\/index.php?rest_route=%2Fwp%2Fv2%2Ftags&post=207861"}],"curies":[{"name":"wp","href":"https:\/\/api.w.org\/{rel}","templated":true}]}}