{"id":207855,"date":"2022-12-15T20:44:55","date_gmt":"2022-12-15T23:44:55","guid":{"rendered":"https:\/\/diarioregionaldigital.com.br\/?p=207855"},"modified":"2022-12-15T20:44:55","modified_gmt":"2022-12-15T23:44:55","slug":"castro-apresenta-relatorio-sobre-texto-que-altera-orcamento-secreto","status":"publish","type":"post","link":"https:\/\/diarioregionaldigital.com.br\/?p=207855","title":{"rendered":"Castro apresenta relat\u00f3rio sobre texto que altera or\u00e7amento secreto"},"content":{"rendered":"<p>Em meio a um julgamento no Supremo Tribunal Federal (STF) sobre a constitucionalidade das emendas de relator do chamado or\u00e7amento secreto, criticadas pela falta de transpar\u00eancia, o senador Marcelo Castro (MDB-PI) apresentou nesta quinta-feira (15) um relat\u00f3rio favor\u00e1vel ao Projeto de Resolu\u00e7\u00e3o (PRN 3\/2022) que tem o objetivo de dar transpar\u00eancia \u00e0s emendas.<img decoding=\"async\" src=\"https:\/\/agenciabrasil.ebc.com.br\/ebc.png?id=1498671&amp;o=node\" \/><img decoding=\"async\" src=\"https:\/\/agenciabrasil.ebc.com.br\/ebc.gif?id=1498671&amp;o=node\" \/><\/p>\n<p>O texto, apresentado em conjunto pelas mesas do Senado e da C\u00e2mara dos Deputados, estabelece crit\u00e9rios de distribui\u00e7\u00e3o das emendas de relator no or\u00e7amento secreto (RP9) e est\u00e1 na pauta da Congresso marcada para hoje. O parecer de Castro sugere a aprova\u00e7\u00e3o na forma de um substitutivo.<\/p>\n<p>Na pr\u00e1tica, da forma como est\u00e1 hoje, a decis\u00e3o sobre o repasse das emendas RP9 fica com o pr\u00f3prio relator do Or\u00e7amento e \u00e9 alvo de cr\u00edticas por n\u00e3o ter crit\u00e9rios objetivos.<\/p>\n<p>J\u00e1 a proposta apresentada hoje defende que o relator passe a fazer indica\u00e7\u00f5es para a execu\u00e7\u00e3o das programa\u00e7\u00f5es cadastradas por parlamentares, que poder\u00e3o ser fundamentadas em demandas apresentadas por agentes p\u00fablicos ou por representantes da sociedade civil.<\/p>\n<p>O texto prev\u00ea que as indica\u00e7\u00f5es para essas emendas ser\u00e3o feitas respeitando com o tamanho das bancadas partidi\u00e1rias:<\/p>\n<ul>\n<li>15% para o comando do Senado e da C\u00e2mara: 7,5% para a Mesa Diretora de cada Casa;<\/li>\n<li>5% para serem divididos entre o presidente e o relator da Comiss\u00e3o Mista de Or\u00e7amento (CMO), e<\/li>\n<li>80% para as indica\u00e7\u00f5es dos partidos, de acordo com o tamanho das bancadas: 23,33% para as indica\u00e7\u00f5es dos senadores e 56,66% para as indica\u00e7\u00f5es dos deputados<\/li>\n<\/ul>\n<h2>Sa\u00fade, educa\u00e7\u00e3o e assist\u00eancia social<\/h2>\n<p>No projeto de lei or\u00e7ament\u00e1ria de 2023, a reserva para as emendas do relator-geral \u00e9 de R$ 19,4 bilh\u00f5es. A medida garante que 50% das emendas dever\u00e3o ser direcionadas para a\u00e7\u00f5es e servi\u00e7os p\u00fablicos de sa\u00fade, de educa\u00e7\u00e3o e de assist\u00eancia social.<\/p>\n<p>Castro, acatou uma emenda do senador Esperidi\u00e3o Amin (PP-SC) para incluir a libera\u00e7\u00e3o de dinheiro das emendas para a educa\u00e7\u00e3o. Antes, o texto previa a reserva apenas para &#8220;sa\u00fade ou assist\u00eancia social&#8221;.<\/p>\n<p>Outra emenda acatada, da senadora Eliziane Gama (Cidadania-MA), substituiu a conjun\u00e7\u00e3o &#8220;ou&#8221; por &#8220;e&#8221; de forma a assegurar que ambas as \u00e1reas sejam contempladas.<\/p>\n<p>\u201cRessaltamos a inclus\u00e3o do crit\u00e9rio de que no m\u00ednimo 50% dessas emendas ser\u00e3o executadas em a\u00e7\u00f5es e servi\u00e7os p\u00fablicos de sa\u00fade ou de assist\u00eancia social, de forma a priorizar a execu\u00e7\u00e3o de pol\u00edticas p\u00fablicas voltadas para o bem-estar geral de toda popula\u00e7\u00e3o brasileira em \u00e1reas com recorrente escassez de recursos p\u00fablicos e que visem a atender a popula\u00e7\u00e3o mais carente do Brasil\u201d, disse Castro.<\/p>\n<p><span style=\"font-weight: 400;\">Fonte: Ag\u00eancia Brasil <\/span><\/p>\n","protected":false},"excerpt":{"rendered":"<p>Em meio a um julgamento no Supremo Tribunal Federal (STF) sobre a constitucionalidade das emendas de relator do chamado or\u00e7amento secreto, criticadas pela falta de transpar\u00eancia, o senador Marcelo Castro (MDB-PI) apresentou nesta quinta-feira (15) um relat\u00f3rio favor\u00e1vel ao Projeto de Resolu\u00e7\u00e3o (PRN 3\/2022) que tem o objetivo de dar transpar\u00eancia \u00e0s emendas. O texto, [&hellip;]<\/p>\n","protected":false},"author":246,"featured_media":207856,"comment_status":"closed","ping_status":"closed","sticky":false,"template":"","format":"standard","meta":{"footnotes":""},"categories":[436,254,439],"tags":[],"class_list":["post-207855","post","type-post","status-publish","format-standard","has-post-thumbnail","hentry","category-destaque-da-semana","category-politica","category-ultima-hora"],"_links":{"self":[{"href":"https:\/\/diarioregionaldigital.com.br\/index.php?rest_route=\/wp\/v2\/posts\/207855","targetHints":{"allow":["GET"]}}],"collection":[{"href":"https:\/\/diarioregionaldigital.com.br\/index.php?rest_route=\/wp\/v2\/posts"}],"about":[{"href":"https:\/\/diarioregionaldigital.com.br\/index.php?rest_route=\/wp\/v2\/types\/post"}],"author":[{"embeddable":true,"href":"https:\/\/diarioregionaldigital.com.br\/index.php?rest_route=\/wp\/v2\/users\/246"}],"replies":[{"embeddable":true,"href":"https:\/\/diarioregionaldigital.com.br\/index.php?rest_route=%2Fwp%2Fv2%2Fcomments&post=207855"}],"version-history":[{"count":1,"href":"https:\/\/diarioregionaldigital.com.br\/index.php?rest_route=\/wp\/v2\/posts\/207855\/revisions"}],"predecessor-version":[{"id":207857,"href":"https:\/\/diarioregionaldigital.com.br\/index.php?rest_route=\/wp\/v2\/posts\/207855\/revisions\/207857"}],"wp:featuredmedia":[{"embeddable":true,"href":"https:\/\/diarioregionaldigital.com.br\/index.php?rest_route=\/wp\/v2\/media\/207856"}],"wp:attachment":[{"href":"https:\/\/diarioregionaldigital.com.br\/index.php?rest_route=%2Fwp%2Fv2%2Fmedia&parent=207855"}],"wp:term":[{"taxonomy":"category","embeddable":true,"href":"https:\/\/diarioregionaldigital.com.br\/index.php?rest_route=%2Fwp%2Fv2%2Fcategories&post=207855"},{"taxonomy":"post_tag","embeddable":true,"href":"https:\/\/diarioregionaldigital.com.br\/index.php?rest_route=%2Fwp%2Fv2%2Ftags&post=207855"}],"curies":[{"name":"wp","href":"https:\/\/api.w.org\/{rel}","templated":true}]}}