{"id":207852,"date":"2022-12-15T20:43:37","date_gmt":"2022-12-15T23:43:37","guid":{"rendered":"https:\/\/diarioregionaldigital.com.br\/?p=207852"},"modified":"2022-12-15T20:43:37","modified_gmt":"2022-12-15T23:43:37","slug":"camara-aprova-pec-que-garante-pagamento-do-piso-de-enfermagem","status":"publish","type":"post","link":"https:\/\/diarioregionaldigital.com.br\/?p=207852","title":{"rendered":"C\u00e2mara aprova PEC que garante pagamento do piso de enfermagem"},"content":{"rendered":"<p>A C\u00e2mara dos Deputados aprovou nesta\u00a0quinta-feira (15) a Proposta de Emenda \u00e0 Constitui\u00e7\u00e3o que prev\u00ea assist\u00eancia financeira complementar da Uni\u00e3o aos estados, ao Distrito Federal, aos munic\u00edpios e \u00e0s entidades filantr\u00f3picas para o pagamento dos pisos salariais do enfermeiro, do t\u00e9cnico de enfermagem, do auxiliar de enfermagem e da parteira. A mat\u00e9ria segue para o Senado.<img decoding=\"async\" src=\"https:\/\/agenciabrasil.ebc.com.br\/ebc.png?id=1498766&amp;o=node\" \/><img decoding=\"async\" src=\"https:\/\/agenciabrasil.ebc.com.br\/ebc.gif?id=1498766&amp;o=node\" \/><\/p>\n<p>Votado em dois turnos na sess\u00e3o de\u00a0hoje, o texto estabelece que o super\u00e1vit financeiro dos fundos p\u00fablicos do Poder Executivo ser\u00e1 usado como fonte de recursos para o cumprimento dos pisos. De acordo com texto da relatora, deputada Alice Portugal (PCdoB-BA), poder\u00e3o ser destinados recursos dos fundos p\u00fablicos do Poder Executivo, apurados ao final de cada exerc\u00edcio, nos exerc\u00edcios financeiros de 2023 a 2027.<\/p>\n<p>\u201cEm 2022, a Secretaria do Tesouro Nacional divulgou o seu balan\u00e7o patrimonial de 2021, em que foi estimado que o super\u00e1vit financeiro dos fundos da Uni\u00e3o para aquele exerc\u00edcio financeiro foi de R$ 20,9 bilh\u00f5es, sendo que R$ 3,9 bilh\u00f5es se referem a parcela do Fundo Social (FS) destinada a sa\u00fade p\u00fablica e a educa\u00e7\u00e3o\u201d, disse a relatora. \u201cRessaltamos ainda que a Uni\u00e3o conta com R$ 40 bilh\u00f5es de recursos prim\u00e1rios de livre aplica\u00e7\u00e3o. O montante de despesas necess\u00e1rias ao pagamento do aux\u00edlio financeiro previsto pela PEC 27\/22, est\u00e1 estimado em R$ 18 bilh\u00f5es\u201d, comparou.<\/p>\n<p>O texto inclui a amplia\u00e7\u00e3o da concess\u00e3o do aux\u00edlio financeiro aos prestadores de servi\u00e7os contratualizados que atendam, no m\u00ednimo, 60% de seus pacientes pelo Sistema \u00danico de Sa\u00fade (SUS). A mat\u00e9ria prev\u00ea ainda a possibilidade de uso de parcela dos recursos do Fundo Social a ser aplicada na \u00e1rea de sa\u00fade, como forma de criar uma fonte permanente para o pagamento do aux\u00edlio financeiro para o cumprimento do piso da enfermagem.<\/p>\n<p>Em rela\u00e7\u00e3o aos impactos do aux\u00edlio financeiro nos limites de despesa com pessoal, haver\u00e1 um per\u00edodo de transi\u00e7\u00e3o para que os limites sejam contabilizados no prazo de 11 anos ap\u00f3s a entrada em vigor da medida, considerando sem impacto o primeiro ano e com aumento de 10% da contagem desse impacto nos dez anos seguintes.<\/p>\n<h2>Entenda<\/h2>\n<p>O piso salarial para enfermeiros foi aprovado em agosto pelo Congresso Nacional no valor de R$ 4.750, sendo 70% desse valor &#8211; R$ 3.325 &#8211; aos t\u00e9cnicos de enfermagem; e 50% &#8211; R$ 3.325 &#8211; aos auxiliares de enfermagem e parteiras.<\/p>\n<p>No entanto, no m\u00eas seguinte, o Supremo Tribunal Federal (STF) suspendeu o piso ao atender a Confedera\u00e7\u00e3o Nacional de Sa\u00fade, Hospitais e Estabelecimentos e Servi\u00e7os (CNSa\u00fade). Na ocasi\u00e3o, o ministro Lu\u00eds Roberto Barroso afirmou que a decis\u00e3o foi tomada porque era preciso uma fonte de recursos para viabilizar o pagamento do piso salarial. Segundo o ministro, hospitais particulares estavam realizando demiss\u00f5es por antecipa\u00e7\u00e3o. Al\u00e9m disso, obras sociais, santas casas e prefeituras relataram que n\u00e3o t\u00eam recursos para fazer o pagamento do piso.<\/p>\n<p><span style=\"font-weight: 400;\"><br \/>\n<\/span><span style=\"font-weight: 400;\">Fonte: Ag\u00eancia Brasil <\/span><\/p>\n","protected":false},"excerpt":{"rendered":"<p>A C\u00e2mara dos Deputados aprovou nesta\u00a0quinta-feira (15) a Proposta de Emenda \u00e0 Constitui\u00e7\u00e3o que prev\u00ea assist\u00eancia financeira complementar da Uni\u00e3o aos estados, ao Distrito Federal, aos munic\u00edpios e \u00e0s entidades filantr\u00f3picas para o pagamento dos pisos salariais do enfermeiro, do t\u00e9cnico de enfermagem, do auxiliar de enfermagem e da parteira. A mat\u00e9ria segue para o [&hellip;]<\/p>\n","protected":false},"author":246,"featured_media":207853,"comment_status":"closed","ping_status":"closed","sticky":false,"template":"","format":"standard","meta":{"footnotes":""},"categories":[436,254,439],"tags":[],"class_list":["post-207852","post","type-post","status-publish","format-standard","has-post-thumbnail","hentry","category-destaque-da-semana","category-politica","category-ultima-hora"],"_links":{"self":[{"href":"https:\/\/diarioregionaldigital.com.br\/index.php?rest_route=\/wp\/v2\/posts\/207852","targetHints":{"allow":["GET"]}}],"collection":[{"href":"https:\/\/diarioregionaldigital.com.br\/index.php?rest_route=\/wp\/v2\/posts"}],"about":[{"href":"https:\/\/diarioregionaldigital.com.br\/index.php?rest_route=\/wp\/v2\/types\/post"}],"author":[{"embeddable":true,"href":"https:\/\/diarioregionaldigital.com.br\/index.php?rest_route=\/wp\/v2\/users\/246"}],"replies":[{"embeddable":true,"href":"https:\/\/diarioregionaldigital.com.br\/index.php?rest_route=%2Fwp%2Fv2%2Fcomments&post=207852"}],"version-history":[{"count":1,"href":"https:\/\/diarioregionaldigital.com.br\/index.php?rest_route=\/wp\/v2\/posts\/207852\/revisions"}],"predecessor-version":[{"id":207854,"href":"https:\/\/diarioregionaldigital.com.br\/index.php?rest_route=\/wp\/v2\/posts\/207852\/revisions\/207854"}],"wp:featuredmedia":[{"embeddable":true,"href":"https:\/\/diarioregionaldigital.com.br\/index.php?rest_route=\/wp\/v2\/media\/207853"}],"wp:attachment":[{"href":"https:\/\/diarioregionaldigital.com.br\/index.php?rest_route=%2Fwp%2Fv2%2Fmedia&parent=207852"}],"wp:term":[{"taxonomy":"category","embeddable":true,"href":"https:\/\/diarioregionaldigital.com.br\/index.php?rest_route=%2Fwp%2Fv2%2Fcategories&post=207852"},{"taxonomy":"post_tag","embeddable":true,"href":"https:\/\/diarioregionaldigital.com.br\/index.php?rest_route=%2Fwp%2Fv2%2Ftags&post=207852"}],"curies":[{"name":"wp","href":"https:\/\/api.w.org\/{rel}","templated":true}]}}