{"id":207849,"date":"2022-12-15T20:42:02","date_gmt":"2022-12-15T23:42:02","guid":{"rendered":"https:\/\/diarioregionaldigital.com.br\/?p=207849"},"modified":"2022-12-15T20:42:02","modified_gmt":"2022-12-15T23:42:02","slug":"lula-participa-de-evento-com-catadores-em-sao-paulo","status":"publish","type":"post","link":"https:\/\/diarioregionaldigital.com.br\/?p=207849","title":{"rendered":"Lula participa de evento com catadores em S\u00e3o Paulo"},"content":{"rendered":"<p>O presidente eleito Luis In\u00e1cio Lula da Silva participou na manh\u00e3 desta quinta-feira (15) da 9\u00aa edi\u00e7\u00e3o da Expocatadores, evento de catadores de materiais recicl\u00e1veis do Brasil, realizada no Armaz\u00e9m do Campo, na regi\u00e3o central de S\u00e3o Paulo.<img decoding=\"async\" src=\"https:\/\/agenciabrasil.ebc.com.br\/ebc.png?id=1498700&amp;o=node\" \/><img decoding=\"async\" src=\"https:\/\/agenciabrasil.ebc.com.br\/ebc.gif?id=1498700&amp;o=node\" \/><\/p>\n<p>Em seu discurso, Lula afirmou que cuidar do povo pobre \u00e9 poss\u00edvel.\u00a0 \u201cQuando eu estiver presidente quero um encontro especificamente com o povo de rua aqui em S\u00e3o Paulo. O povo pobre, o povo de rua, os catadores, e tantos outros brasileiros que n\u00e3o t\u00eam como chegar at\u00e9 o governo. N\u00e3o ser\u00e3o voc\u00eas que ter\u00e3o que ir na presid\u00eancia da Rep\u00fablica. Sou eu que terei que vir at\u00e9 voc\u00eas\u201d.<\/p>\n<p>Tamb\u00e9m conhecido como o Natal dos Catadores, no evento Lula se comprometeu a voltar ao local para ter um encontro com os moradores de rua. \u201cJ\u00e1 vou pedir pra fazer um estudo, das condi\u00e7\u00f5es de cada homem de rua, cada mulher, sua origem. Para que a gente possa ajudar essas pessoas. Preparem uma boa pauta de reivindica\u00e7\u00e3o, para gente ter condi\u00e7\u00f5es de ajudar essas pessoas.\u00a0 Virei a S\u00e3o Paulo para um encontro com o povo de rua, marcado pelo Padre J\u00falio Lancelotti, da Pastoral do Povo da Rua de S\u00e3o Paulo. Vamos fazer no Brasil inteiro. Precisamos tratar os catadores e tamb\u00e9m os moradores de rua com dignidade\u201d, disse Lula.<\/p>\n<p>J\u00e1 o futuro Ministro da Fazenda, Fernando Haddad, tamb\u00e9m presente no evento, disse que sua miss\u00e3o, no governo ser\u00e1 \u201ccolocar o pobre no or\u00e7amento e o rico no imposto de renda. Vamos ter um pa\u00eds mais justo, que precisamos. Todo mundo precisa de uma oportunidade na vida&#8221;.<\/p>\n<div class=\"dnd-widget-wrapper context-cheio_8colunas type-image\">\n<div class=\"dnd-atom-rendered\">\n<div class=\"shadow overflow-hidden rounded-lg d-block zoom-on-hover-sm shadow-hover w-100\"><img decoding=\"async\" class=\"flex-fill img-cover\" title=\"Rovena Rosa\/Ag\u00eancia Brasil\" src=\"https:\/\/imagens.ebc.com.br\/Nid5Z2Qe0vAJEgP0wJB4dhcKPQw=\/754x0\/smart\/https:\/\/agenciabrasil.ebc.com.br\/sites\/default\/files\/thumbnails\/image\/img_0547.jpg?itok=d0yT9Quq\" alt=\"O futuro ministro da Fazenda, Fernando Haddad, participa da Expocatadores, evento de catadores de materiais recicl\u00e1veis, realizado no Armaz\u00e9m do Campo, regi\u00e3o central de S\u00e3o Paulo.\" \/><\/div>\n<\/div>\n<div class=\"dnd-caption-wrapper\">\n<h6 class=\"meta\">Futuro ministro da Fazenda, Fernando Haddad, participa da Expocatadores, evento de catadores de materiais recicl\u00e1veis, realizado no Armaz\u00e9m do Campo, regi\u00e3o central de S\u00e3o Paulo. &#8211;\u00a0<strong>Rovena Rosa\/Ag\u00eancia Brasil<\/strong><\/h6>\n<\/div>\n<\/div>\n<p>Padre J\u00falio Lancellotti, coordenador da Pastoral do Povo da Rua de S\u00e3o Paulo, foi recebido sob muitos aplausos do p\u00fablico. Ao lado de Lula, ele explicou que os moradores de rua est\u00e3o cansados de apanhar. &#8220;Estamos cansados de sermos tratados como lixo, apanhando da Guarda Civil Metropolitana, da limpeza urbana. S\u00e3o poucos os moradores de rua aqui dentro, eles est\u00e3o no viaduto. Ningu\u00e9m quer saber dos mais pobres. A aporofobia est\u00e1 matando o povo. Estou esperando que o Congresso Nacional derrube o veto do Bolsonaro sobre as interven\u00e7\u00f5es na arquitetura hostil&#8221;, afirmou.<\/p>\n<p>Durante o evento, o presidente da\u00a0 Associa\u00e7\u00e3o Nacional de Catadores e Catadoras de Materiais Recicl\u00e1veis (ANCAT), Roberto Rocha, entregou um documento com as demandas do setor.<\/p>\n<p>\u201cEstamos pedindo a possibilidade de uma Secretaria especial do Minist\u00e9rio do Meio Ambiente, que \u00e9 a Secretaria da Reciclagem. Solicitamos tamb\u00e9m a revoga\u00e7\u00e3o de v\u00e1rios decretos, principalmente do decreto chamada Ciclamais, que foi conhecido como o decreto da morte dos catadores de materiais recicl\u00e1veis, ent\u00e3o est\u00e1 aqui a demanda&#8221;.<\/p>\n<h2>Expocatadores<\/h2>\n<p>Esta edi\u00e7\u00e3o conta com a participa\u00e7\u00e3o de entidades internacionais e aborda temas como a Economia Circular Inclusiva e o Cooperativismo Solid\u00e1rio. Aberta na segunda-feira (12), o evento re\u00fane cerca mil catadores e catadoras de materiais recicl\u00e1veis de 26 estados brasileiros e do exterior, como integrantes da categoria do Chile, Argentina, Col\u00f4mbia e Panam\u00e1.<\/p>\n<p>A Expocatadores 2022 \u00e9 um dos principais eventos realizados na tem\u00e1tica de coleta seletiva solid\u00e1ria, que engloba a presta\u00e7\u00e3o de servi\u00e7os dos catadores de materiais recicl\u00e1veis dentro da economia circular, a recupera\u00e7\u00e3o das embalagens e educa\u00e7\u00e3o ambiental.<\/p>\n<p>A iniciativa do evento \u00e9 da Associa\u00e7\u00e3o Nacional de Catadores e Catadoras de Materiais Recicl\u00e1veis (ANCAT), Movimento Nacional dos Catadores de Materiais Recicl\u00e1veis (MNCR) e Unicatadores, e conta com o patroc\u00ednio da Coca-Cola Brasil, Latitud R, Kubitz e da plataforma Reciclar Pelo Brasil.<\/p>\n<p>A programa\u00e7\u00e3o da Expocatadores 2022 conta com pain\u00e9is de debates, feira de neg\u00f3cios, apresenta\u00e7\u00e3o de\u00a0<em>cases<\/em>,\u00a0<em>workshops<\/em>, entrega de pr\u00eamios, desfile de moda recicl\u00e1vel e rodada de neg\u00f3cios sustent\u00e1veis, envolvendo atores de diversas \u00e1reas do mercado da reciclagem.<\/p>\n<p>\u201cNesta edi\u00e7\u00e3o foram apresentadas as principais solu\u00e7\u00f5es de inova\u00e7\u00e3o na \u00e1rea de compliance, ESG e circularidade, al\u00e9m das tecnologias voltadas para promo\u00e7\u00e3o da reciclagem, como uma solu\u00e7\u00e3o t\u00e9cnica econ\u00f4mica e social para a destina\u00e7\u00e3o final de res\u00edduos s\u00f3lidos urbanos nos munic\u00edpios\u201d, afirmou o presidente da ANCAT, Roberto Rocha.<\/p>\n<div class=\"dnd-widget-wrapper context-cheio_8colunas type-image\">\n<div class=\"dnd-atom-rendered\">\n<div class=\"shadow overflow-hidden rounded-lg d-block zoom-on-hover-sm shadow-hover w-100\"><img decoding=\"async\" class=\"flex-fill img-cover\" title=\"Rovena Rosa\/Ag\u00eancia Brasil\" src=\"https:\/\/imagens.ebc.com.br\/FNLF0Cl_XEc751T0X6aVqSLL1SA=\/754x0\/smart\/https:\/\/agenciabrasil.ebc.com.br\/sites\/default\/files\/thumbnails\/image\/img_0417.jpg?itok=-7UQuqRb\" alt=\"O presidente eleito, Luiz In\u00e1cio Lula da Silva, participa da Expocatadores, evento de catadores de materiais recicl\u00e1veis, realizado no Armaz\u00e9m do Campo, regi\u00e3o central de S\u00e3o Paulo.\" \/><\/div>\n<\/div>\n<div class=\"dnd-caption-wrapper\">\n<h6 class=\"meta\">Presidente eleito, Luiz In\u00e1cio Lula da Silva, participa da Expocatadores, evento de catadores de materiais recicl\u00e1veis, realizado no Armaz\u00e9m do Campo, regi\u00e3o central de S\u00e3o Paulo. &#8211;\u00a0<strong>Rovena Rosa\/Ag\u00eancia Brasil<\/strong><\/h6>\n<\/div>\n<\/div>\n<p>Dentre os participantes da 9\u00aa Edi\u00e7\u00e3o da Expocatadores estiveram representantes do cooperativismo solid\u00e1rio e de catadores aut\u00f4nomos, do setor privado, governos, parlamentares, entidades da sociedade civil, universidades, centros de pesquisas e tecnologias, agentes da educa\u00e7\u00e3o ambiental e de mobiliza\u00e7\u00e3o social e formadores de opini\u00e3o, entre outros.<\/p>\n<p><span style=\"font-weight: 400;\">Fonte: Ag\u00eancia Brasil <\/span><\/p>\n","protected":false},"excerpt":{"rendered":"<p>O presidente eleito Luis In\u00e1cio Lula da Silva participou na manh\u00e3 desta quinta-feira (15) da 9\u00aa edi\u00e7\u00e3o da Expocatadores, evento de catadores de materiais recicl\u00e1veis do Brasil, realizada no Armaz\u00e9m do Campo, na regi\u00e3o central de S\u00e3o Paulo. Em seu discurso, Lula afirmou que cuidar do povo pobre \u00e9 poss\u00edvel.\u00a0 \u201cQuando eu estiver presidente quero [&hellip;]<\/p>\n","protected":false},"author":246,"featured_media":207850,"comment_status":"closed","ping_status":"closed","sticky":false,"template":"","format":"standard","meta":{"footnotes":""},"categories":[436,254,439],"tags":[],"class_list":["post-207849","post","type-post","status-publish","format-standard","has-post-thumbnail","hentry","category-destaque-da-semana","category-politica","category-ultima-hora"],"_links":{"self":[{"href":"https:\/\/diarioregionaldigital.com.br\/index.php?rest_route=\/wp\/v2\/posts\/207849","targetHints":{"allow":["GET"]}}],"collection":[{"href":"https:\/\/diarioregionaldigital.com.br\/index.php?rest_route=\/wp\/v2\/posts"}],"about":[{"href":"https:\/\/diarioregionaldigital.com.br\/index.php?rest_route=\/wp\/v2\/types\/post"}],"author":[{"embeddable":true,"href":"https:\/\/diarioregionaldigital.com.br\/index.php?rest_route=\/wp\/v2\/users\/246"}],"replies":[{"embeddable":true,"href":"https:\/\/diarioregionaldigital.com.br\/index.php?rest_route=%2Fwp%2Fv2%2Fcomments&post=207849"}],"version-history":[{"count":1,"href":"https:\/\/diarioregionaldigital.com.br\/index.php?rest_route=\/wp\/v2\/posts\/207849\/revisions"}],"predecessor-version":[{"id":207851,"href":"https:\/\/diarioregionaldigital.com.br\/index.php?rest_route=\/wp\/v2\/posts\/207849\/revisions\/207851"}],"wp:featuredmedia":[{"embeddable":true,"href":"https:\/\/diarioregionaldigital.com.br\/index.php?rest_route=\/wp\/v2\/media\/207850"}],"wp:attachment":[{"href":"https:\/\/diarioregionaldigital.com.br\/index.php?rest_route=%2Fwp%2Fv2%2Fmedia&parent=207849"}],"wp:term":[{"taxonomy":"category","embeddable":true,"href":"https:\/\/diarioregionaldigital.com.br\/index.php?rest_route=%2Fwp%2Fv2%2Fcategories&post=207849"},{"taxonomy":"post_tag","embeddable":true,"href":"https:\/\/diarioregionaldigital.com.br\/index.php?rest_route=%2Fwp%2Fv2%2Ftags&post=207849"}],"curies":[{"name":"wp","href":"https:\/\/api.w.org\/{rel}","templated":true}]}}