{"id":207846,"date":"2022-12-15T20:38:40","date_gmt":"2022-12-15T23:38:40","guid":{"rendered":"https:\/\/diarioregionaldigital.com.br\/?p=207846"},"modified":"2022-12-15T20:38:40","modified_gmt":"2022-12-15T23:38:40","slug":"pec-da-transicao-preve-r-12-bilhoes-para-a-educacao-diz-alckmin","status":"publish","type":"post","link":"https:\/\/diarioregionaldigital.com.br\/?p=207846","title":{"rendered":"PEC da Transi\u00e7\u00e3o prev\u00ea R$ 12 bilh\u00f5es para a educa\u00e7\u00e3o, diz Alckmin"},"content":{"rendered":"<p>O vice-presidente eleito Geraldo Alckmin defendeu nesta\u00a0quinta-feira (15), em Bras\u00edlia, que o governo federal atue de forma coordenada com estados e munic\u00edpios para ampliar os investimentos e melhorar a qualidade da educa\u00e7\u00e3o no pa\u00eds, especialmente o Ensino B\u00e1sico. A declara\u00e7\u00e3o foi dada durante reuni\u00e3o do Pacto pela Aprendizagem, evento organizado pela organiza\u00e7\u00e3o n\u00e3o-governamental Todos pela Educa\u00e7\u00e3o em parceria com a Organiza\u00e7\u00e3o das Na\u00e7\u00f5es Unidas para a Educa\u00e7\u00e3o, a Ci\u00eancia e a Cultura (Unesco) em um hotel da capital federal. O encontro tamb\u00e9m teve a participa\u00e7\u00e3o de diversos governadores estaduais, incluindo governadores eleitos este ano.<img decoding=\"async\" src=\"https:\/\/agenciabrasil.ebc.com.br\/ebc.png?id=1498750&amp;o=node\" \/><img decoding=\"async\" src=\"https:\/\/agenciabrasil.ebc.com.br\/ebc.gif?id=1498750&amp;o=node\" \/><\/p>\n<p>&#8220;O presidente Lula tem dito que a primeira reuni\u00e3o que ele pretende fazer em janeiro \u00e9 com os governadores e governadoras&#8221;, lembrou Alckmin, ao citar a import\u00e2ncia do di\u00e1logo federativo. O vice-presidente eleito destacou que a Proposta de Emenda Constitucional (PEC) que autoriza gastos p\u00fablicos fora da regra do teto or\u00e7ament\u00e1rio, atualmente\u00a0<a href=\"https:\/\/agenciabrasil.ebc.com.br\/politica\/noticia\/2022-12\/pec-da-transicao-ainda-precisa-ser-negociada-na-camara-diz-relator\" target=\"_blank\" rel=\"noopener\">em discuss\u00e3o na C\u00e2mara dos Deputados<\/a>, prev\u00ea ao menos R$ 12 bilh\u00f5es para a educa\u00e7\u00e3o.<\/p>\n<p>&#8220;Quero dizer tamb\u00e9m que na PEC que est\u00e1 sendo discutida tem R$ 12 bilh\u00f5es para melhorar o or\u00e7amento da educa\u00e7\u00e3o. E, para a conectividade da educa\u00e7\u00e3o, quando foi feito o 5G, foi separado R$ 3,1 bilh\u00f5es s\u00f3 para conectividade na \u00e1rea educacional&#8221;, enfatizou. Ao todo, a PEC permitir\u00e1 que o governo eleito tenha um espa\u00e7o fiscal no teto de gastos de cerca de R$ 145 bilh\u00f5es no Or\u00e7amento de 2023 e mais R$ 23 bilh\u00f5es de investimentos fora do teto. O maior montante \u00e9 para assegurar a manuten\u00e7\u00e3o do aux\u00edlio de R$ 600 \u00e0s fam\u00edlias mais vulner\u00e1veis, com extra de R$ 150 por crian\u00e7a de at\u00e9 6 anos de idade de cada benefici\u00e1rio.<\/p>\n<h2>Creche<\/h2>\n<p>Em discurso a governadores e entidades da sociedade civil, Alckmin falou da necessidade de apoiar os munic\u00edpios na educa\u00e7\u00e3o infantil, e citou a meta de alcan\u00e7ar 50% de cobertura nos pr\u00f3ximos anos. &#8220;A creche, a meta \u00e9 chegar a 50%. Temos estados que n\u00e3o t\u00eam 8% de vaga em creche&#8221;, apontou. &#8220;Se a gente conseguir ampliar as creches, ajudar os munic\u00edpios e zerar a falta de vagas nas Emeis [Escolas Municipais de Educa\u00e7\u00e3o Infantil], vamos dar um salto espetacular&#8221;, previu.<\/p>\n<p>O vice-presidente tamb\u00e9m defendeu um reajuste no or\u00e7amento atual da merenda escolar, que \u00e9 de 36 centavos por aluno. &#8220;H\u00e1 necessidade de corrigir esses valores. A alimenta\u00e7\u00e3o \u00e9 absolutamente priorit\u00e1ria&#8221;, destacou. A proposta foi inclu\u00edda no relat\u00f3rio da equipe de transi\u00e7\u00e3o, e depende de novos recursos para ser concretizada.<\/p>\n<p><span style=\"font-weight: 400;\">Fonte: Ag\u00eancia Brasil <\/span><\/p>\n","protected":false},"excerpt":{"rendered":"<p>O vice-presidente eleito Geraldo Alckmin defendeu nesta\u00a0quinta-feira (15), em Bras\u00edlia, que o governo federal atue de forma coordenada com estados e munic\u00edpios para ampliar os investimentos e melhorar a qualidade da educa\u00e7\u00e3o no pa\u00eds, especialmente o Ensino B\u00e1sico. A declara\u00e7\u00e3o foi dada durante reuni\u00e3o do Pacto pela Aprendizagem, evento organizado pela organiza\u00e7\u00e3o n\u00e3o-governamental Todos pela [&hellip;]<\/p>\n","protected":false},"author":246,"featured_media":207847,"comment_status":"closed","ping_status":"closed","sticky":false,"template":"","format":"standard","meta":{"footnotes":""},"categories":[436,440,254,439],"tags":[],"class_list":["post-207846","post","type-post","status-publish","format-standard","has-post-thumbnail","hentry","category-destaque-da-semana","category-destaques-do-dia","category-politica","category-ultima-hora"],"_links":{"self":[{"href":"https:\/\/diarioregionaldigital.com.br\/index.php?rest_route=\/wp\/v2\/posts\/207846","targetHints":{"allow":["GET"]}}],"collection":[{"href":"https:\/\/diarioregionaldigital.com.br\/index.php?rest_route=\/wp\/v2\/posts"}],"about":[{"href":"https:\/\/diarioregionaldigital.com.br\/index.php?rest_route=\/wp\/v2\/types\/post"}],"author":[{"embeddable":true,"href":"https:\/\/diarioregionaldigital.com.br\/index.php?rest_route=\/wp\/v2\/users\/246"}],"replies":[{"embeddable":true,"href":"https:\/\/diarioregionaldigital.com.br\/index.php?rest_route=%2Fwp%2Fv2%2Fcomments&post=207846"}],"version-history":[{"count":1,"href":"https:\/\/diarioregionaldigital.com.br\/index.php?rest_route=\/wp\/v2\/posts\/207846\/revisions"}],"predecessor-version":[{"id":207848,"href":"https:\/\/diarioregionaldigital.com.br\/index.php?rest_route=\/wp\/v2\/posts\/207846\/revisions\/207848"}],"wp:featuredmedia":[{"embeddable":true,"href":"https:\/\/diarioregionaldigital.com.br\/index.php?rest_route=\/wp\/v2\/media\/207847"}],"wp:attachment":[{"href":"https:\/\/diarioregionaldigital.com.br\/index.php?rest_route=%2Fwp%2Fv2%2Fmedia&parent=207846"}],"wp:term":[{"taxonomy":"category","embeddable":true,"href":"https:\/\/diarioregionaldigital.com.br\/index.php?rest_route=%2Fwp%2Fv2%2Fcategories&post=207846"},{"taxonomy":"post_tag","embeddable":true,"href":"https:\/\/diarioregionaldigital.com.br\/index.php?rest_route=%2Fwp%2Fv2%2Ftags&post=207846"}],"curies":[{"name":"wp","href":"https:\/\/api.w.org\/{rel}","templated":true}]}}