{"id":207840,"date":"2022-12-15T20:34:34","date_gmt":"2022-12-15T23:34:34","guid":{"rendered":"https:\/\/diarioregionaldigital.com.br\/?p=207840"},"modified":"2022-12-15T20:34:34","modified_gmt":"2022-12-15T23:34:34","slug":"codefat-aprova-calendario-do-pis-pasep-2023","status":"publish","type":"post","link":"https:\/\/diarioregionaldigital.com.br\/?p=207840","title":{"rendered":"Codefat aprova calend\u00e1rio do PIS\/Pasep 2023"},"content":{"rendered":"<p>Cerca de 23 milh\u00f5es de pessoas que trabalharam com carteira assinada em 2021 poder\u00e3o sacar o abono salarial de fevereiro a julho do pr\u00f3ximo ano. O Conselho Deliberativo do Fundo de Amparo ao Trabalhador (Codefat) aprovou hoje (15) o calend\u00e1rio do Programa de Integra\u00e7\u00e3o Social (PIS) e do Programa de Forma\u00e7\u00e3o do Patrim\u00f4nio do Servidor P\u00fablico (Pasep) em 2023.<img decoding=\"async\" src=\"https:\/\/agenciabrasil.ebc.com.br\/ebc.png?id=1498737&amp;o=node\" \/><img decoding=\"async\" src=\"https:\/\/agenciabrasil.ebc.com.br\/ebc.gif?id=1498737&amp;o=node\" \/><\/p>\n<p>Segundo o Codefat, o abono salarial de 2023 ser\u00e1 pago a 23,6 milh\u00f5es de trabalhadores em todo o pa\u00eds. Desse total, 21,4 milh\u00f5es que trabalham na iniciativa privada receber\u00e3o o PIS e 2,2 milh\u00f5es de servidores p\u00fablicos, empregados de estatais e militares t\u00eam direito ao Pasep.<\/p>\n<p>Como ocorre tradicionalmente, os pagamentos ser\u00e3o divididos em seis lotes, baseados no m\u00eas de nascimento, no caso do PIS, e no n\u00famero final de inscri\u00e7\u00e3o, no caso do Pasep. O dinheiro ser\u00e1 depositado nas datas de libera\u00e7\u00e3o dos lotes e poder\u00e3o ser sacados at\u00e9 28 de dezembro de 2023. Ap\u00f3s esse prazo, ser\u00e1 necess\u00e1rio aguardar convoca\u00e7\u00e3o especial do Minist\u00e9rio do Trabalho e Previd\u00eancia.<\/p>\n<h2>Quem tem direito<\/h2>\n<p>Tem direito ao benef\u00edcio o trabalhador inscrito no PIS\/Pasep h\u00e1, pelo menos, cinco anos, e que tenha trabalhado formalmente por, no m\u00ednimo, 30 dias no ano-base considerado para a apura\u00e7\u00e3o, com remunera\u00e7\u00e3o mensal m\u00e9dia de at\u00e9 dois sal\u00e1rios m\u00ednimos. Tamb\u00e9m \u00e9 necess\u00e1rio que os dados tenham sido informados corretamente pelo empregador na Rela\u00e7\u00e3o Anual de Informa\u00e7\u00f5es Sociais (Rais).<\/p>\n<p>O valor do abono \u00e9 proporcional ao per\u00edodo em que o empregado trabalhou com carteira assinada em 2021. Cada m\u00eas trabalhado equivale a um benef\u00edcio de R$ 108,50, com per\u00edodos iguais ou superiores a 15 dias contados como m\u00eas cheio. Quem trabalhou 12 meses com carteira assinada receber\u00e1 o sal\u00e1rio m\u00ednimo cheio, que ser\u00e1 de R$ 1.302 no pr\u00f3ximo ano, segundo\u00a0<a href=\"https:\/\/agenciabrasil.ebc.com.br\/economia\/noticia\/2022-12\/salario-minimo-sobe-para-r-1302-em-1o-de-janeiro\" target=\"_blank\" rel=\"noopener\">medida provis\u00f3ria editada na segunda-feira (12)<\/a>.<\/p>\n<h2>Veja o calend\u00e1rio aprovado<\/h2>\n<p>Saque do PIS, pago pela Caixa<\/p>\n<p>Para trabalhadores de empresas privadas<\/p>\n<p>&nbsp;<\/p>\n<table border=\"1\" cellspacing=\"0\" cellpadding=\"0\">\n<tbody>\n<tr>\n<td>Nascidos em<\/td>\n<td>Recebem a partir de<\/td>\n<td>Recebem at\u00e9<\/td>\n<\/tr>\n<tr>\n<td>Janeiro e fevereiro<\/td>\n<td><span id=\"OBJ_PREFIX_DWT307_com_zimbra_date\" role=\"link\">15\/2\/2023<\/span><\/td>\n<td><span id=\"OBJ_PREFIX_DWT308_com_zimbra_date\" role=\"link\">28\/12\/2023<\/span><\/td>\n<\/tr>\n<tr>\n<td>Mar\u00e7o e abril<\/td>\n<td><span id=\"OBJ_PREFIX_DWT309_com_zimbra_date\" role=\"link\">15\/3\/2023<\/span><\/td>\n<td><span id=\"OBJ_PREFIX_DWT310_com_zimbra_date\" role=\"link\">28\/12\/2023<\/span><\/td>\n<\/tr>\n<tr>\n<td>Maio e junho<\/td>\n<td><span id=\"OBJ_PREFIX_DWT311_com_zimbra_date\" role=\"link\">17\/4\/2023<\/span><\/td>\n<td><span id=\"OBJ_PREFIX_DWT312_com_zimbra_date\" role=\"link\">28\/12\/2023<\/span><\/td>\n<\/tr>\n<tr>\n<td>Julho e agosto<\/td>\n<td><span id=\"OBJ_PREFIX_DWT313_com_zimbra_date\" role=\"link\">15\/5\/2023<\/span><\/td>\n<td><span id=\"OBJ_PREFIX_DWT314_com_zimbra_date\" role=\"link\">28\/12\/2023<\/span><\/td>\n<\/tr>\n<tr>\n<td>Setembro e outubro<\/td>\n<td><span id=\"OBJ_PREFIX_DWT315_com_zimbra_date\" role=\"link\">15\/6\/2023<\/span><\/td>\n<td><span id=\"OBJ_PREFIX_DWT316_com_zimbra_date\" role=\"link\">28\/12\/2023<\/span><\/td>\n<\/tr>\n<tr>\n<td>Novembro e dezembro<\/td>\n<td><span id=\"OBJ_PREFIX_DWT317_com_zimbra_date\" role=\"link\">17\/7\/2023<\/span><\/td>\n<td><span id=\"OBJ_PREFIX_DWT318_com_zimbra_date\" role=\"link\">28\/12\/2023<\/span><\/td>\n<\/tr>\n<\/tbody>\n<\/table>\n<p>Saque do Pasep, pago pelo Banco do Brasil<\/p>\n<p>Para quem trabalhou em empresas p\u00fablicas<\/p>\n<p>&nbsp;<\/p>\n<table border=\"1\" cellspacing=\"0\" cellpadding=\"0\">\n<tbody>\n<tr>\n<td>Final da inscri\u00e7\u00e3o<\/td>\n<td>Recebem a partir de<\/td>\n<td>Recebem at\u00e9<\/td>\n<\/tr>\n<tr>\n<td>0<\/td>\n<td><span id=\"OBJ_PREFIX_DWT319_com_zimbra_date\" role=\"link\">15\/2\/2023<\/span><\/td>\n<td><span id=\"OBJ_PREFIX_DWT320_com_zimbra_date\" role=\"link\">28\/12\/2023<\/span><\/td>\n<\/tr>\n<tr>\n<td>1<\/td>\n<td><span id=\"OBJ_PREFIX_DWT321_com_zimbra_date\" role=\"link\">15\/3\/2023<\/span><\/td>\n<td><span id=\"OBJ_PREFIX_DWT322_com_zimbra_date\" role=\"link\">28\/12\/2023<\/span><\/td>\n<\/tr>\n<tr>\n<td>2 e 3<\/td>\n<td><span id=\"OBJ_PREFIX_DWT323_com_zimbra_date\" role=\"link\">17\/4\/2023<\/span><\/td>\n<td><span id=\"OBJ_PREFIX_DWT324_com_zimbra_date\" role=\"link\">28\/12\/2023<\/span><\/td>\n<\/tr>\n<tr>\n<td>4 e 5<\/td>\n<td><span id=\"OBJ_PREFIX_DWT325_com_zimbra_date\" role=\"link\">15\/5\/2023<\/span><\/td>\n<td><span id=\"OBJ_PREFIX_DWT326_com_zimbra_date\" role=\"link\">28\/12\/2023<\/span><\/td>\n<\/tr>\n<tr>\n<td>6 e 7<\/td>\n<td><span id=\"OBJ_PREFIX_DWT327_com_zimbra_date\" role=\"link\">15\/6\/2023<\/span><\/td>\n<td><span id=\"OBJ_PREFIX_DWT328_com_zimbra_date\" role=\"link\">28\/12\/2023<\/span><\/td>\n<\/tr>\n<tr>\n<td>8 e 9<\/td>\n<td><span id=\"OBJ_PREFIX_DWT329_com_zimbra_date\" role=\"link\">17\/7\/2023<\/span><\/td>\n<td><span id=\"OBJ_PREFIX_DWT330_com_zimbra_date\" role=\"link\">28\/12\/2023<\/span><\/td>\n<\/tr>\n<\/tbody>\n<\/table>\n<h6>Fonte: Codefat<\/h6>\n<h2>Pagamento<\/h2>\n<p>Trabalhadores da iniciativa privada com conta corrente ou poupan\u00e7a na Caixa receber\u00e3o o cr\u00e9dito automaticamente no banco, de acordo com o m\u00eas de seu nascimento.<\/p>\n<p>Os demais benefici\u00e1rios receber\u00e3o os valores por meio da poupan\u00e7a social digital, que pode ser movimentada pelo aplicativo Caixa Tem. Caso n\u00e3o seja poss\u00edvel a abertura da conta digital, o saque poder\u00e1 ser realizado com o Cart\u00e3o do Cidad\u00e3o e senha nos terminais de autoatendimento, unidades lot\u00e9ricas, Caixa Aqui ou ag\u00eancias, tamb\u00e9m de acordo com o calend\u00e1rio de pagamento escalonado por m\u00eas de nascimento.<\/p>\n<p>O pagamento do abono do Pasep ocorre via cr\u00e9dito em conta para quem \u00e9 correntista ou tem poupan\u00e7a no Banco do Brasil. O trabalhador que n\u00e3o \u00e9 correntista do BB pode efetuar a transfer\u00eancia via TED para conta de sua titularidade via terminais de autoatendimento e portal\u00a0<a href=\"http:\/\/www.bb.com.br\/pasep\" target=\"_blank\" rel=\"noopener\">www.bb.com.br\/pasep<\/a>\u00a0ou no guich\u00ea de caixa das ag\u00eancias, mediante apresenta\u00e7\u00e3o de documento oficial de identidade.<\/p>\n<h2>Abono n\u00e3o sacado<\/h2>\n<p>O Minist\u00e9rio do Trabalho e Previd\u00eancia informou que 407.222 mil trabalhadores ainda n\u00e3o sacaram o abono salarial de 2020. Desse total, 123.409 correspondem ao PIS; e 283.813, ao Pasep.<\/p>\n<p>Permanecem esquecidos R$ 364,9 milh\u00f5es em benef\u00edcios n\u00e3o sacados. O dinheiro pode ser retirado at\u00e9 29 de dezembro. Neste ano, os\u00a0<a href=\"https:\/\/agenciabrasil.ebc.com.br\/economia\/noticia\/2022-01\/veja-o-calendario-de-pagamento-do-abono-salarial-de-2022\" target=\"_blank\" rel=\"noopener\">dep\u00f3sitos foram feitos<\/a>\u00a0entre 8 de fevereiro e 31 de mar\u00e7o.<\/p>\n<p>At\u00e9 2020, o abono salarial do ano anterior era pago de julho do ano corrente a junho do ano seguinte. No in\u00edcio de 2021, o Codefat atendeu a recomenda\u00e7\u00e3o da Controladoria-Geral da Uni\u00e3o (CGU) e\u00a0<a href=\"https:\/\/agenciabrasil.ebc.com.br\/economia\/noticia\/2021-03\/pagamento-do-abono-salarial-de-2020-e-adiado-para-2022\" target=\"_blank\" rel=\"noopener\">passou a depositar o dinheiro somente dois anos<\/a>\u00a0ap\u00f3s o trabalho com carteira assinada.<\/p>\n<p><span style=\"font-weight: 400;\">Fonte: Ag\u00eancia Brasil\u00a0<\/span><span style=\"font-weight: 400;\"><br \/>\n<\/span><\/p>\n","protected":false},"excerpt":{"rendered":"<p>Cerca de 23 milh\u00f5es de pessoas que trabalharam com carteira assinada em 2021 poder\u00e3o sacar o abono salarial de fevereiro a julho do pr\u00f3ximo ano. O Conselho Deliberativo do Fundo de Amparo ao Trabalhador (Codefat) aprovou hoje (15) o calend\u00e1rio do Programa de Integra\u00e7\u00e3o Social (PIS) e do Programa de Forma\u00e7\u00e3o do Patrim\u00f4nio do Servidor [&hellip;]<\/p>\n","protected":false},"author":246,"featured_media":207841,"comment_status":"closed","ping_status":"closed","sticky":false,"template":"","format":"standard","meta":{"footnotes":""},"categories":[436,261,439],"tags":[],"class_list":["post-207840","post","type-post","status-publish","format-standard","has-post-thumbnail","hentry","category-destaque-da-semana","category-economia","category-ultima-hora"],"_links":{"self":[{"href":"https:\/\/diarioregionaldigital.com.br\/index.php?rest_route=\/wp\/v2\/posts\/207840","targetHints":{"allow":["GET"]}}],"collection":[{"href":"https:\/\/diarioregionaldigital.com.br\/index.php?rest_route=\/wp\/v2\/posts"}],"about":[{"href":"https:\/\/diarioregionaldigital.com.br\/index.php?rest_route=\/wp\/v2\/types\/post"}],"author":[{"embeddable":true,"href":"https:\/\/diarioregionaldigital.com.br\/index.php?rest_route=\/wp\/v2\/users\/246"}],"replies":[{"embeddable":true,"href":"https:\/\/diarioregionaldigital.com.br\/index.php?rest_route=%2Fwp%2Fv2%2Fcomments&post=207840"}],"version-history":[{"count":1,"href":"https:\/\/diarioregionaldigital.com.br\/index.php?rest_route=\/wp\/v2\/posts\/207840\/revisions"}],"predecessor-version":[{"id":207842,"href":"https:\/\/diarioregionaldigital.com.br\/index.php?rest_route=\/wp\/v2\/posts\/207840\/revisions\/207842"}],"wp:featuredmedia":[{"embeddable":true,"href":"https:\/\/diarioregionaldigital.com.br\/index.php?rest_route=\/wp\/v2\/media\/207841"}],"wp:attachment":[{"href":"https:\/\/diarioregionaldigital.com.br\/index.php?rest_route=%2Fwp%2Fv2%2Fmedia&parent=207840"}],"wp:term":[{"taxonomy":"category","embeddable":true,"href":"https:\/\/diarioregionaldigital.com.br\/index.php?rest_route=%2Fwp%2Fv2%2Fcategories&post=207840"},{"taxonomy":"post_tag","embeddable":true,"href":"https:\/\/diarioregionaldigital.com.br\/index.php?rest_route=%2Fwp%2Fv2%2Ftags&post=207840"}],"curies":[{"name":"wp","href":"https:\/\/api.w.org\/{rel}","templated":true}]}}