{"id":207837,"date":"2022-12-15T20:33:17","date_gmt":"2022-12-15T23:33:17","guid":{"rendered":"https:\/\/diarioregionaldigital.com.br\/?p=207837"},"modified":"2022-12-15T20:33:17","modified_gmt":"2022-12-15T23:33:17","slug":"politicas-ruins-podem-abortar-crescimento-economico-diz-guedes","status":"publish","type":"post","link":"https:\/\/diarioregionaldigital.com.br\/?p=207837","title":{"rendered":"Pol\u00edticas ruins podem abortar crescimento econ\u00f4mico, diz Guedes"},"content":{"rendered":"<p>Pol\u00edticas de m\u00e1 qualidade podem abortar a chance de o Brasil crescer no m\u00e9dio e no longo prazo, disse hoje (15) o ministro da Economia, Paulo Guedes. O ministro rebateu o discurso de que o atual governo deixar\u00e1 uma \u201cheran\u00e7a maldita\u201d, e disse que o Brasil \u00e9 \u201creconhecido internacionalmente\u201d pela dimens\u00e3o econ\u00f4mica.<img decoding=\"async\" src=\"https:\/\/agenciabrasil.ebc.com.br\/ebc.png?id=1498748&amp;o=node\" \/><img decoding=\"async\" src=\"https:\/\/agenciabrasil.ebc.com.br\/ebc.gif?id=1498748&amp;o=node\" \/><\/p>\n<p>Em evento de premia\u00e7\u00e3o do Instituto de Pesquisa Econ\u00f4mica Aplicada (Ipea), Guedes disse que a taxa Selic (juros b\u00e1sicos da economia) come\u00e7ar\u00e1 a cair em meados do pr\u00f3ximo ano. Ele voltou a apostar que o Produto Interno Bruto (PIB) crescer\u00e1 3% em 2023, estimativa mais otimista que a do mercado financeiro.<\/p>\n<p>Segundo a edi\u00e7\u00e3o mais recente do boletim Focus, pesquisa com institui\u00e7\u00f5es financeiras divulgada toda semana pelo Banco Central (BC), os analistas de mercado preveem aumento de apenas 0,75% no PIB em 2023 e infla\u00e7\u00e3o oficial pelo IPCA de 5,08%.<\/p>\n<p>Essa foi uma das \u00faltimas agendas oficiais de Guedes como ministro da Economia. Na pr\u00f3xima semana, ele entrar\u00e1 de f\u00e9rias e n\u00e3o dever\u00e1 mais retornar ao cargo antes de 31 de dezembro.<\/p>\n<p>Na avalia\u00e7\u00e3o do ministro, uma poss\u00edvel desacelera\u00e7\u00e3o da economia brasileira em 2023 est\u00e1 mais relacionada aos ciclos econ\u00f4micos do que \u00e0s pol\u00edticas p\u00fablicas executadas neste ano. Guedes voltou a citar que a economia brasileira fez, em 2022, uma recupera\u00e7\u00e3o em \u201cV\u201d (forte queda seguida de forte alta).<\/p>\n<p>Guedes afirmou que, no pr\u00f3ximo ano, ocorrer\u00e1 um arrefecimento natural ap\u00f3s esse tipo de retomada em \u201cV\u201d, recha\u00e7ando que essa desacelera\u00e7\u00e3o seja uma \u201cheran\u00e7a maldita\u201d. Tamb\u00e9m disse que os modelos t\u00e9cnicos costumam errar em momentos de mudan\u00e7a de regime.<\/p>\n<blockquote><p>\u201cO Brasil vai crescer zero, vai ter recess\u00e3o. Brasil cresce 5% e volta em &#8216;V&#8217;. Ah, agora \u00e9 o ano seguinte. Vira a rolagem da desgra\u00e7a. Agora o ano seguinte \u00e9 dele. A\u00ed diz que \u00e9 heran\u00e7a maldita. Al\u00e9m de ser erro intelectual, fake news, e uma desculpa desonesta para o que est\u00e3o encontrando, \u00e9 uma burrice colossal\u201d, comentou o ministro.<\/p><\/blockquote>\n<h2>Altern\u00e2ncia de poderes<\/h2>\n<p>O ministro negou que o pa\u00eds esteja quebrado e disse considerar \u201csaud\u00e1vel\u201d a altern\u00e2ncia de poder. Ele, no entanto, criticou o que chamou de uso da m\u00e1quina p\u00fablica para manter-se no comando. \u201cMexer em regra para se perpetuar n\u00e3o \u00e9 civilizat\u00f3rio\u201d, disse Guedes, sem entrar em detalhes.<\/p>\n<p>Guedes tamb\u00e9m criticou a tentativa de mudar a Lei das Estatais, reduzindo a quarentena para participantes de campanhas eleitorais e filiados a partidos pol\u00edticos. Segundo ele, a \u201cextrema-esquerda\u201d e a \u201cextrema-direita\u201d s\u00e3o parecidas em rela\u00e7\u00e3o ao \u201cdirigismo econ\u00f4mico\u201d. \u201cAmbos gostam de mexer em empresas estatais\u201d, criticou. Em rela\u00e7\u00e3o ao governo atual, negou que as redu\u00e7\u00f5es de impostos neste ano tenham tido objetivo eleitoral. \u201cBaixamos impostos porque controlamos gastos. N\u00e3o \u00e9 para reelei\u00e7\u00e3o\u201d, comentou.<\/p>\n<p>O presidente do Banco Central, Roberto Campos Neto, tamb\u00e9m participou do evento. Ele fez uma homenagem a seu av\u00f4, um dos fundadores do Instituto de Pesquisa Econ\u00f4mica Aplicada (Ipea). Tamb\u00e9m presente ao evento, o ministro de Minas e Energia, Adolfo Sachsida, disse que as reformas pr\u00f3-mercado do governo atual assegurar\u00e3o o crescimento para os mais pobres no futuro.<\/p>\n<p><span style=\"font-weight: 400;\">Fonte: Ag\u00eancia Brasil <\/span><\/p>\n","protected":false},"excerpt":{"rendered":"<p>Pol\u00edticas de m\u00e1 qualidade podem abortar a chance de o Brasil crescer no m\u00e9dio e no longo prazo, disse hoje (15) o ministro da Economia, Paulo Guedes. O ministro rebateu o discurso de que o atual governo deixar\u00e1 uma \u201cheran\u00e7a maldita\u201d, e disse que o Brasil \u00e9 \u201creconhecido internacionalmente\u201d pela dimens\u00e3o econ\u00f4mica. Em evento de [&hellip;]<\/p>\n","protected":false},"author":246,"featured_media":207838,"comment_status":"closed","ping_status":"closed","sticky":false,"template":"","format":"standard","meta":{"footnotes":""},"categories":[436,261,439],"tags":[],"class_list":["post-207837","post","type-post","status-publish","format-standard","has-post-thumbnail","hentry","category-destaque-da-semana","category-economia","category-ultima-hora"],"_links":{"self":[{"href":"https:\/\/diarioregionaldigital.com.br\/index.php?rest_route=\/wp\/v2\/posts\/207837","targetHints":{"allow":["GET"]}}],"collection":[{"href":"https:\/\/diarioregionaldigital.com.br\/index.php?rest_route=\/wp\/v2\/posts"}],"about":[{"href":"https:\/\/diarioregionaldigital.com.br\/index.php?rest_route=\/wp\/v2\/types\/post"}],"author":[{"embeddable":true,"href":"https:\/\/diarioregionaldigital.com.br\/index.php?rest_route=\/wp\/v2\/users\/246"}],"replies":[{"embeddable":true,"href":"https:\/\/diarioregionaldigital.com.br\/index.php?rest_route=%2Fwp%2Fv2%2Fcomments&post=207837"}],"version-history":[{"count":1,"href":"https:\/\/diarioregionaldigital.com.br\/index.php?rest_route=\/wp\/v2\/posts\/207837\/revisions"}],"predecessor-version":[{"id":207839,"href":"https:\/\/diarioregionaldigital.com.br\/index.php?rest_route=\/wp\/v2\/posts\/207837\/revisions\/207839"}],"wp:featuredmedia":[{"embeddable":true,"href":"https:\/\/diarioregionaldigital.com.br\/index.php?rest_route=\/wp\/v2\/media\/207838"}],"wp:attachment":[{"href":"https:\/\/diarioregionaldigital.com.br\/index.php?rest_route=%2Fwp%2Fv2%2Fmedia&parent=207837"}],"wp:term":[{"taxonomy":"category","embeddable":true,"href":"https:\/\/diarioregionaldigital.com.br\/index.php?rest_route=%2Fwp%2Fv2%2Fcategories&post=207837"},{"taxonomy":"post_tag","embeddable":true,"href":"https:\/\/diarioregionaldigital.com.br\/index.php?rest_route=%2Fwp%2Fv2%2Ftags&post=207837"}],"curies":[{"name":"wp","href":"https:\/\/api.w.org\/{rel}","templated":true}]}}