{"id":207823,"date":"2022-12-14T22:31:18","date_gmt":"2022-12-15T01:31:18","guid":{"rendered":"https:\/\/diarioregionaldigital.com.br\/?p=207823"},"modified":"2022-12-14T22:31:18","modified_gmt":"2022-12-15T01:31:18","slug":"encontro-de-boas-praticas-discute-acoes-para-o-trabalho-com-a-populacao-em-situacao-de-rua","status":"publish","type":"post","link":"https:\/\/diarioregionaldigital.com.br\/?p=207823","title":{"rendered":"Encontro de boas pr\u00e1ticas discute a\u00e7\u00f5es para o trabalho com a popula\u00e7\u00e3o em situa\u00e7\u00e3o de rua"},"content":{"rendered":"<p>Segundo informa\u00e7\u00f5es do site da Prefeitura de Juiz de Fora (PJF), na tarde desta ter\u00e7a-feira, 13, a Secretaria de Assist\u00eancia Social (SAS) da Prefeitura de Juiz de Fora reuniu os servi\u00e7os parceiros para a apresenta\u00e7\u00e3o das boas pr\u00e1ticas realizadas em 2022. Foram destacados na reuni\u00e3o os caminhos para que os direitos da popula\u00e7\u00e3o em situa\u00e7\u00e3o de rua sejam garantidos. Na abertura do encontro, usu\u00e1rios do Centro Pop se apresentaram em uma roda de samba, al\u00e9m da presen\u00e7a da exposi\u00e7\u00e3o \u201cPequenos Momentos Compartilhados\u201d, com fotos dos acolhidos.<\/p>\n<p>A secret\u00e1ria de Assist\u00eancia Social, Malu Salim, ressaltou que o semin\u00e1rio de boas pr\u00e1ticas \u00e9 um espa\u00e7o de troca entre as equipes e oferece a oportunidade de ampliar as viv\u00eancias. \u201cS\u00e3o estes espa\u00e7os de troca que possibilitam aos profissionais aprimorar os resultados, ampliar a criatividade e a motiva\u00e7\u00e3o, e certamente mostrar novos caminhos e solu\u00e7\u00f5es para os desafios. Como fruto destes di\u00e1logos, os usu\u00e1rios da Assist\u00eancia social ser\u00e3o beneficiados em um atendimento mais acolhedor e capaz de dar respostas a suas demandas\u201d.<\/p>\n<p>A iniciativa do encontro foi liderada pelo Departamento de Prote\u00e7\u00e3o Especial de M\u00e9dia e Alta Complexidade da SAS. O atendimento da popula\u00e7\u00e3o em situa\u00e7\u00e3o de rua, o servi\u00e7o de abordagem social e o Centro Pop s\u00e3o prote\u00e7\u00f5es sociais especiais de M\u00e9dia Complexidade, j\u00e1 as casas de passagem e acolhimento 24h s\u00e3o servi\u00e7os de alta complexidade.<\/p>\n<p>Para a gerente da Prote\u00e7\u00e3o Especial da SAS, Maria Cl\u00e1udia Dutra, o encontro foi positivo por ter destacado a\u00e7\u00f5es e projetos de sucesso nos servi\u00e7os de atendimento \u00e0 popula\u00e7\u00e3o em situa\u00e7\u00e3o de rua, representando um fechamento do trabalho de 2022 para as equipes. \u201cCada servi\u00e7o fez uma apresenta\u00e7\u00e3o e destacamos as a\u00e7\u00f5es coletivas, seja atrav\u00e9s de grupos de discuss\u00e3o, a\u00e7\u00f5es ligadas \u00e0 preven\u00e7\u00e3o da sa\u00fade ou atividades esportivas. E \u00e9 justamente nisto que a SAS quer apostar em 2023, em atividades coletivas, com muita intera\u00e7\u00e3o, troca e criatividade\u201d, revelou.<\/p>\n<p>De acordo com a gerente do Departamento de Prote\u00e7\u00e3o Especial de M\u00e9dia Complexidade da SAS, Fl\u00e1via Longo, a troca de experi\u00eancias permite percep\u00e7\u00f5es dos usu\u00e1rios e das equipes sobre o trabalho desenvolvido. \u201c\u00c9 motivador ouvir as experi\u00eancias do processo de sa\u00edda das ruas, seja atrav\u00e9s de um servi\u00e7o ou enquanto rede socioassistencial e intersetorial. O balan\u00e7o das atividades realizadas e os resultados alcan\u00e7ados foi necess\u00e1rio para promovermos o fortalecimento da articula\u00e7\u00e3o entre os servi\u00e7os\u201d.<\/p>\n","protected":false},"excerpt":{"rendered":"<p>Segundo informa\u00e7\u00f5es do site da Prefeitura de Juiz de Fora (PJF), na tarde desta ter\u00e7a-feira, 13, a Secretaria de Assist\u00eancia Social (SAS) da Prefeitura de Juiz de Fora reuniu os servi\u00e7os parceiros para a apresenta\u00e7\u00e3o das boas pr\u00e1ticas realizadas em 2022. Foram destacados na reuni\u00e3o os caminhos para que os direitos da popula\u00e7\u00e3o em situa\u00e7\u00e3o [&hellip;]<\/p>\n","protected":false},"author":246,"featured_media":207824,"comment_status":"closed","ping_status":"closed","sticky":false,"template":"","format":"standard","meta":{"footnotes":""},"categories":[253,436,439],"tags":[],"class_list":["post-207823","post","type-post","status-publish","format-standard","has-post-thumbnail","hentry","category-cidade","category-destaque-da-semana","category-ultima-hora"],"_links":{"self":[{"href":"https:\/\/diarioregionaldigital.com.br\/index.php?rest_route=\/wp\/v2\/posts\/207823","targetHints":{"allow":["GET"]}}],"collection":[{"href":"https:\/\/diarioregionaldigital.com.br\/index.php?rest_route=\/wp\/v2\/posts"}],"about":[{"href":"https:\/\/diarioregionaldigital.com.br\/index.php?rest_route=\/wp\/v2\/types\/post"}],"author":[{"embeddable":true,"href":"https:\/\/diarioregionaldigital.com.br\/index.php?rest_route=\/wp\/v2\/users\/246"}],"replies":[{"embeddable":true,"href":"https:\/\/diarioregionaldigital.com.br\/index.php?rest_route=%2Fwp%2Fv2%2Fcomments&post=207823"}],"version-history":[{"count":1,"href":"https:\/\/diarioregionaldigital.com.br\/index.php?rest_route=\/wp\/v2\/posts\/207823\/revisions"}],"predecessor-version":[{"id":207825,"href":"https:\/\/diarioregionaldigital.com.br\/index.php?rest_route=\/wp\/v2\/posts\/207823\/revisions\/207825"}],"wp:featuredmedia":[{"embeddable":true,"href":"https:\/\/diarioregionaldigital.com.br\/index.php?rest_route=\/wp\/v2\/media\/207824"}],"wp:attachment":[{"href":"https:\/\/diarioregionaldigital.com.br\/index.php?rest_route=%2Fwp%2Fv2%2Fmedia&parent=207823"}],"wp:term":[{"taxonomy":"category","embeddable":true,"href":"https:\/\/diarioregionaldigital.com.br\/index.php?rest_route=%2Fwp%2Fv2%2Fcategories&post=207823"},{"taxonomy":"post_tag","embeddable":true,"href":"https:\/\/diarioregionaldigital.com.br\/index.php?rest_route=%2Fwp%2Fv2%2Ftags&post=207823"}],"curies":[{"name":"wp","href":"https:\/\/api.w.org\/{rel}","templated":true}]}}