{"id":207819,"date":"2022-12-14T22:28:57","date_gmt":"2022-12-15T01:28:57","guid":{"rendered":"https:\/\/diarioregionaldigital.com.br\/?p=207819"},"modified":"2022-12-14T22:28:57","modified_gmt":"2022-12-15T01:28:57","slug":"conferencia-da-crianca-e-do-adolescente-discute-desafios-das-politicas-publicas-em-tempos-de-pandemia","status":"publish","type":"post","link":"https:\/\/diarioregionaldigital.com.br\/?p=207819","title":{"rendered":"Confer\u00eancia da Crian\u00e7a e do Adolescente discute desafios das pol\u00edticas p\u00fablicas em tempos de pandemia"},"content":{"rendered":"<p>Segundo informa\u00e7\u00f5es do site da Prefeitura de Juiz de Fora (PJF), come\u00e7ou nesta quarta-feira, 14, a IX Confer\u00eancia dos Direitos da Crian\u00e7a e do Adolescente, de Juiz de Fora. O evento, realizado pelo Conselho Municipal dos Direitos da Crian\u00e7a e do Adolescente (CMDCA) em parceria com a Prefeitura de Juiz de Fora (PJF), prop\u00f4s debates acerca da situa\u00e7\u00e3o dos Direitos Humanos de crian\u00e7as e adolescentes em tempos de pandemia da Covid-19.<\/p>\n<div id=\"box_texto_noticia\">\n<p>A confer\u00eancia contou com a presen\u00e7a de autoridades como o juiz de Direito da Vara da Inf\u00e2ncia e Juventude da Comarca de Juiz de Fora, Dr. Ricardo Rodrigues de Lima; a promotora de Justi\u00e7a, Dra Samyra Ribeiro Namen; a presidente do Conselho Municipal da Crian\u00e7a e Adolsecente, Adriana Marques; o presidente da C\u00e2mara Municipal, Juraci Scheffer; o procurador do Minist\u00e9rio P\u00fablico do Trabalho, Dr Wagner Gomes do Amaral, entre outros.<\/p>\n<p>Durante toda a manh\u00e3 foram abordadas quest\u00f5es sociais como as viola\u00e7\u00f5es e vulnerabilidades durante a pandemia, a\u00e7\u00f5es necess\u00e1rias para repara\u00e7\u00e3o e garantia de pol\u00edticas de prote\u00e7\u00e3o para essa parcela da popula\u00e7\u00e3o, com respeito \u00e0 diversidade. A confer\u00eancia \u00e9 um espa\u00e7o de participa\u00e7\u00e3o popular e controle social. A partir dela ser\u00e3o apresentadas propostas, encaminhamentos e a\u00e7\u00f5es de enfrentamento da crise gerada pela Covid-19 a fim de garantir e efetivar os direitos das crian\u00e7as e dos adolescentes.<\/p>\n<p>Em v\u00eddeo, a prefeita Margarida Salom\u00e3o enviou sua mensagem aos participantes da confer\u00eancia. Ela enfatizou que \u00e9 fato que a pol\u00edtica avan\u00e7a quando feita democraticamente, dando protagonismo ao nosso povo. \u201cQue nossos e nossas conferencistas promovam o melhor debate poss\u00edvel. Que suas conclus\u00f5es possam conduzir nossa cidade rumo a um futuro de respeito e valoriza\u00e7\u00e3o de nossas crian\u00e7as e adolescentes. E que, vencida essa presente etapa, possa nosso Conselho Municipal dar continuidade em seu imprescind\u00edvel papel na constru\u00e7\u00e3o dessas pol\u00edticas municipais. Um \u00e9 a continuidade do outro\u201d, concluiu.<\/p>\n<p>O secret\u00e1rio Especial dos Direitos Humanos, Biel Rocha, afirmou que a maioria do povo brasileiro acredita que o futuro do pa\u00eds \u00e9 investir em educa\u00e7\u00e3o para o desenvolvimento. Ele acredita que com as confer\u00eancias \u00e9 poss\u00edvel obter dados relativos \u00e0s principais demandas e conhecer melhor a real situa\u00e7\u00e3o do munic\u00edpio, no que diz respeito \u00e0s estruturas, servi\u00e7os p\u00fablicos e programas destinados ao atendimento de crian\u00e7as, adolescentes e suas respectivas fam\u00edlias, permitindo assim que sejam identificadas eventuais falhas na \u201crede de prote\u00e7\u00e3o aos direitos infantojuvenis\u201d.<\/p>\n<p>A doutora em Psicologia Cl\u00ednica e Psicanalista e pesquisadora e consultora internacional em Direitos Humanos, Carmen Silveira de Oliveira, ministrou a palestra \u201cPandemia da Covid-19: viola\u00e7\u00f5es e vulnerabilidade, a\u00e7\u00f5es para repara\u00e7\u00e3o e garantia de pol\u00edticas de prote\u00e7\u00e3o integral, com respeito \u00e0 diversidade\u201d. A especialista abordou temas como maioridade penal, discuss\u00f5es acerca de identidade de g\u00eanero e desafios educacionais.<\/p>\n<p>O juiz de Direito da Vara da Inf\u00e2ncia e da Juventude da comarca de Juiz de Fora, Ricardo Rodrigues de Lima, destacou a import\u00e2ncia da amplia\u00e7\u00e3o de pol\u00edticas p\u00fablicas para crian\u00e7as e adolescentes, um trabalho em parceria entre o Judici\u00e1rio e o Executivo. Ele enfatizou as tr\u00eas frentes de trabalho que devem ser constantemente ampliadas: a fam\u00edlia acolhedora, a guarda subsidiada e o apadrinhamento afetivo para diminuir o n\u00famero de crian\u00e7as principalmente na primeira inf\u00e2ncia no acolhimento institucional.<\/p>\n<p>Neste primeiro dia de confer\u00eancia, a presidente do CMDCA, Adriana Marques, comentou sobre os reflexos da pandemia de Covid-19 na vida de crian\u00e7as e adolescentes. \u201cSabemos que os efeitos da pandemia impactaram a vida de crian\u00e7as e adolescentes em diversas escalas, gerando in\u00fameros desafios no que diz respeito \u00e0 garantia de seus direitos. Direitos Humanos foram negligenciados e as disparidades sociais, econ\u00f4micas e raciais ficaram mais evidentes, havendo um grande aumento do n\u00famero de fam\u00edlias em situa\u00e7\u00e3o de fome\u201d, destacou.<\/p>\n<p>Vale ressaltar que neste ano foram realizadas as pr\u00e9-confer\u00eancias territoriais, para compreender e escutar as demandas das popula\u00e7\u00f5es.<\/p>\n<p>A Confer\u00eancia continua nesta quinta-feira, 15, e ir\u00e1 trazer novas experi\u00eancias como a forma\u00e7\u00e3o de grupos de trabalho focados em eixos tem\u00e1ticos, plen\u00e1ria e painel tem\u00e1tico. O evento ocorre no Ritz Hotel, localizado na Avenida Bar\u00e3o do Rio Branco, 2000, Centro de Juiz de Fora.<\/p>\n<\/div>\n<p>&nbsp;<\/p>\n<div id=\"box_compartilhar\" align=\"right\"><\/div>\n","protected":false},"excerpt":{"rendered":"<p>Segundo informa\u00e7\u00f5es do site da Prefeitura de Juiz de Fora (PJF), come\u00e7ou nesta quarta-feira, 14, a IX Confer\u00eancia dos Direitos da Crian\u00e7a e do Adolescente, de Juiz de Fora. O evento, realizado pelo Conselho Municipal dos Direitos da Crian\u00e7a e do Adolescente (CMDCA) em parceria com a Prefeitura de Juiz de Fora (PJF), prop\u00f4s debates [&hellip;]<\/p>\n","protected":false},"author":246,"featured_media":207821,"comment_status":"closed","ping_status":"closed","sticky":false,"template":"","format":"standard","meta":{"footnotes":""},"categories":[253,436,439],"tags":[],"class_list":["post-207819","post","type-post","status-publish","format-standard","has-post-thumbnail","hentry","category-cidade","category-destaque-da-semana","category-ultima-hora"],"_links":{"self":[{"href":"https:\/\/diarioregionaldigital.com.br\/index.php?rest_route=\/wp\/v2\/posts\/207819","targetHints":{"allow":["GET"]}}],"collection":[{"href":"https:\/\/diarioregionaldigital.com.br\/index.php?rest_route=\/wp\/v2\/posts"}],"about":[{"href":"https:\/\/diarioregionaldigital.com.br\/index.php?rest_route=\/wp\/v2\/types\/post"}],"author":[{"embeddable":true,"href":"https:\/\/diarioregionaldigital.com.br\/index.php?rest_route=\/wp\/v2\/users\/246"}],"replies":[{"embeddable":true,"href":"https:\/\/diarioregionaldigital.com.br\/index.php?rest_route=%2Fwp%2Fv2%2Fcomments&post=207819"}],"version-history":[{"count":1,"href":"https:\/\/diarioregionaldigital.com.br\/index.php?rest_route=\/wp\/v2\/posts\/207819\/revisions"}],"predecessor-version":[{"id":207822,"href":"https:\/\/diarioregionaldigital.com.br\/index.php?rest_route=\/wp\/v2\/posts\/207819\/revisions\/207822"}],"wp:featuredmedia":[{"embeddable":true,"href":"https:\/\/diarioregionaldigital.com.br\/index.php?rest_route=\/wp\/v2\/media\/207821"}],"wp:attachment":[{"href":"https:\/\/diarioregionaldigital.com.br\/index.php?rest_route=%2Fwp%2Fv2%2Fmedia&parent=207819"}],"wp:term":[{"taxonomy":"category","embeddable":true,"href":"https:\/\/diarioregionaldigital.com.br\/index.php?rest_route=%2Fwp%2Fv2%2Fcategories&post=207819"},{"taxonomy":"post_tag","embeddable":true,"href":"https:\/\/diarioregionaldigital.com.br\/index.php?rest_route=%2Fwp%2Fv2%2Ftags&post=207819"}],"curies":[{"name":"wp","href":"https:\/\/api.w.org\/{rel}","templated":true}]}}