{"id":207738,"date":"2022-12-13T22:04:07","date_gmt":"2022-12-14T01:04:07","guid":{"rendered":"https:\/\/diarioregionaldigital.com.br\/?p=207738"},"modified":"2022-12-13T22:04:07","modified_gmt":"2022-12-14T01:04:07","slug":"proposta-eleva-credito-especial-de-r-876-mi-para-r-11433-mi","status":"publish","type":"post","link":"https:\/\/diarioregionaldigital.com.br\/?p=207738","title":{"rendered":"Proposta eleva cr\u00e9dito especial de R$ 8,76 mi para R$ 114,33 mi"},"content":{"rendered":"<p>Uma mensagem modificativa encaminhada ao Congresso Nacional aumenta o pedido de cr\u00e9dito especial (fora do teto de gastos) de R$ 8,76 milh\u00f5es para R$ 114,33 milh\u00f5es. A proposta, enviada hoje (13) \u00e0 noite pelo presidente Jair Bolsonaro, inclui novas categorias de programa\u00e7\u00f5es or\u00e7ament\u00e1rias num projeto que est\u00e1 tramitando no Congresso Nacional.<img decoding=\"async\" src=\"https:\/\/agenciabrasil.ebc.com.br\/ebc.png?id=1498402&amp;o=node\" \/><img decoding=\"async\" src=\"https:\/\/agenciabrasil.ebc.com.br\/ebc.gif?id=1498402&amp;o=node\" \/><\/p>\n<p>Com as modifica\u00e7\u00f5es propostas, o PLN 42\/2022 passa a prever a abertura, no Or\u00e7amento Fiscal da Uni\u00e3o, cr\u00e9dito especial em favor dos seguintes minist\u00e9rios: Educa\u00e7\u00e3o, Infraestrutura, Justi\u00e7a e Seguran\u00e7a P\u00fablica e Trabalho e Previd\u00eancia. O texto original n\u00e3o inclu\u00eda o Minist\u00e9rio da Infraestrutura.<\/p>\n<p>A Secretaria-Geral da Presid\u00eancia da Rep\u00fablica n\u00e3o detalhou a distribui\u00e7\u00e3o dos cr\u00e9ditos especiais em cada pasta. Apenas explicou que o projeto n\u00e3o viola o teto de gastos nem a meta de resultado prim\u00e1rio.<\/p>\n<p>Entre os novos tipos de receita que financiar\u00e3o os cr\u00e9ditos especiais, est\u00e3o o complemento da atualiza\u00e7\u00e3o monet\u00e1ria dos recursos do Fundo de Garantia do Tempo de Servi\u00e7o (FGTS). A Secretaria-Geral n\u00e3o informou as outras modifica\u00e7\u00f5es em rela\u00e7\u00e3o ao projeto original.<\/p>\n<p>Neste fim de ano, o governo est\u00e1 tendo que remanejar diversos recursos e pedir a abertura de cr\u00e9ditos especiais para recompor o or\u00e7amento de diversos \u00f3rg\u00e3os p\u00fablicos que tiveram verbas contingenciadas (bloqueadas) no fim de novembro.<\/p>\n<p><span style=\"font-weight: 400;\">Fonte: Ag\u00eancia Brasil <\/span><\/p>\n","protected":false},"excerpt":{"rendered":"<p>Uma mensagem modificativa encaminhada ao Congresso Nacional aumenta o pedido de cr\u00e9dito especial (fora do teto de gastos) de R$ 8,76 milh\u00f5es para R$ 114,33 milh\u00f5es. A proposta, enviada hoje (13) \u00e0 noite pelo presidente Jair Bolsonaro, inclui novas categorias de programa\u00e7\u00f5es or\u00e7ament\u00e1rias num projeto que est\u00e1 tramitando no Congresso Nacional. Com as modifica\u00e7\u00f5es propostas, [&hellip;]<\/p>\n","protected":false},"author":246,"featured_media":207739,"comment_status":"closed","ping_status":"closed","sticky":false,"template":"","format":"standard","meta":{"footnotes":""},"categories":[436,254,439],"tags":[],"class_list":["post-207738","post","type-post","status-publish","format-standard","has-post-thumbnail","hentry","category-destaque-da-semana","category-politica","category-ultima-hora"],"_links":{"self":[{"href":"https:\/\/diarioregionaldigital.com.br\/index.php?rest_route=\/wp\/v2\/posts\/207738","targetHints":{"allow":["GET"]}}],"collection":[{"href":"https:\/\/diarioregionaldigital.com.br\/index.php?rest_route=\/wp\/v2\/posts"}],"about":[{"href":"https:\/\/diarioregionaldigital.com.br\/index.php?rest_route=\/wp\/v2\/types\/post"}],"author":[{"embeddable":true,"href":"https:\/\/diarioregionaldigital.com.br\/index.php?rest_route=\/wp\/v2\/users\/246"}],"replies":[{"embeddable":true,"href":"https:\/\/diarioregionaldigital.com.br\/index.php?rest_route=%2Fwp%2Fv2%2Fcomments&post=207738"}],"version-history":[{"count":1,"href":"https:\/\/diarioregionaldigital.com.br\/index.php?rest_route=\/wp\/v2\/posts\/207738\/revisions"}],"predecessor-version":[{"id":207740,"href":"https:\/\/diarioregionaldigital.com.br\/index.php?rest_route=\/wp\/v2\/posts\/207738\/revisions\/207740"}],"wp:featuredmedia":[{"embeddable":true,"href":"https:\/\/diarioregionaldigital.com.br\/index.php?rest_route=\/wp\/v2\/media\/207739"}],"wp:attachment":[{"href":"https:\/\/diarioregionaldigital.com.br\/index.php?rest_route=%2Fwp%2Fv2%2Fmedia&parent=207738"}],"wp:term":[{"taxonomy":"category","embeddable":true,"href":"https:\/\/diarioregionaldigital.com.br\/index.php?rest_route=%2Fwp%2Fv2%2Fcategories&post=207738"},{"taxonomy":"post_tag","embeddable":true,"href":"https:\/\/diarioregionaldigital.com.br\/index.php?rest_route=%2Fwp%2Fv2%2Ftags&post=207738"}],"curies":[{"name":"wp","href":"https:\/\/api.w.org\/{rel}","templated":true}]}}