{"id":207732,"date":"2022-12-13T22:00:52","date_gmt":"2022-12-14T01:00:52","guid":{"rendered":"https:\/\/diarioregionaldigital.com.br\/?p=207732"},"modified":"2022-12-13T22:00:52","modified_gmt":"2022-12-14T01:00:52","slug":"tse-mantem-competencia-para-julgar-acao-contra-evento-com-embaixadores","status":"publish","type":"post","link":"https:\/\/diarioregionaldigital.com.br\/?p=207732","title":{"rendered":"TSE mant\u00e9m compet\u00eancia para julgar a\u00e7\u00e3o contra evento com embaixadores"},"content":{"rendered":"<p>O Tribunal Superior Eleitoral (TSE) decidiu hoje (13) manter a compet\u00eancia da Justi\u00e7a Eleitoral para julgar a a\u00e7\u00e3o na qual o PDT questionou a legalidade do encontro do presidente Jair Bolsonaro com embaixadores. A reuni\u00e3o foi realizada em julho no Pal\u00e1cio da Alvorada.\u00a0<img decoding=\"async\" src=\"https:\/\/agenciabrasil.ebc.com.br\/ebc.png?id=1498401&amp;o=node\" \/><img decoding=\"async\" src=\"https:\/\/agenciabrasil.ebc.com.br\/ebc.gif?id=1498401&amp;o=node\" \/><\/p>\n<p>Durante sess\u00e3o realizada no in\u00edcio da noite, os ministros rejeitaram recurso apresentado pelos advogados do PL, partido do presidente, para questionar a tramita\u00e7\u00e3o do processo.<\/p>\n<p>Ap\u00f3s a realiza\u00e7\u00e3o da reuni\u00e3o do presidente com embaixadores, o PDT entrou com uma a\u00e7\u00e3o de investiga\u00e7\u00e3o judicial eleitoral (Aije) no TSE. Em seguida, o tribunal determinou a retirada das imagens do encontro das redes sociais e da transmiss\u00e3o oficial do evento por entender que houve a divulga\u00e7\u00e3o de fatos inver\u00eddicos ou descontextualizados sobre o sistema de vota\u00e7\u00e3o.<\/p>\n<p>Durante a sess\u00e3o, o advogado Tarc\u00edsio de Carvalho Neto, representante do PL, sustentou que a Justi\u00e7a Eleitoral n\u00e3o pode julgar o caso porque o evento com os embaixadores foi realizado em 18 de julho, quando Bolsonaro n\u00e3o era candidato oficial \u00e0s elei\u00e7\u00f5es de 2022 e ainda n\u00e3o tinha sido aprovado em conven\u00e7\u00e3o partid\u00e1ria.<\/p>\n<p>&#8220;O evento n\u00e3o ostentou conte\u00fado eleitoral. Os atos questionados foram praticados na condi\u00e7\u00e3o de chefe de Estado, de presidente da Rep\u00fablica&#8221;, argumentou a defesa.<\/p>\n<p><span style=\"font-weight: 400;\"><br \/>\n<\/span><span style=\"font-weight: 400;\">Fonte: Ag\u00eancia Brasil <\/span><\/p>\n","protected":false},"excerpt":{"rendered":"<p>O Tribunal Superior Eleitoral (TSE) decidiu hoje (13) manter a compet\u00eancia da Justi\u00e7a Eleitoral para julgar a a\u00e7\u00e3o na qual o PDT questionou a legalidade do encontro do presidente Jair Bolsonaro com embaixadores. A reuni\u00e3o foi realizada em julho no Pal\u00e1cio da Alvorada.\u00a0 Durante sess\u00e3o realizada no in\u00edcio da noite, os ministros rejeitaram recurso apresentado [&hellip;]<\/p>\n","protected":false},"author":246,"featured_media":207733,"comment_status":"closed","ping_status":"closed","sticky":false,"template":"","format":"standard","meta":{"footnotes":""},"categories":[436,440,254,439],"tags":[],"class_list":["post-207732","post","type-post","status-publish","format-standard","has-post-thumbnail","hentry","category-destaque-da-semana","category-destaques-do-dia","category-politica","category-ultima-hora"],"_links":{"self":[{"href":"https:\/\/diarioregionaldigital.com.br\/index.php?rest_route=\/wp\/v2\/posts\/207732","targetHints":{"allow":["GET"]}}],"collection":[{"href":"https:\/\/diarioregionaldigital.com.br\/index.php?rest_route=\/wp\/v2\/posts"}],"about":[{"href":"https:\/\/diarioregionaldigital.com.br\/index.php?rest_route=\/wp\/v2\/types\/post"}],"author":[{"embeddable":true,"href":"https:\/\/diarioregionaldigital.com.br\/index.php?rest_route=\/wp\/v2\/users\/246"}],"replies":[{"embeddable":true,"href":"https:\/\/diarioregionaldigital.com.br\/index.php?rest_route=%2Fwp%2Fv2%2Fcomments&post=207732"}],"version-history":[{"count":1,"href":"https:\/\/diarioregionaldigital.com.br\/index.php?rest_route=\/wp\/v2\/posts\/207732\/revisions"}],"predecessor-version":[{"id":207734,"href":"https:\/\/diarioregionaldigital.com.br\/index.php?rest_route=\/wp\/v2\/posts\/207732\/revisions\/207734"}],"wp:featuredmedia":[{"embeddable":true,"href":"https:\/\/diarioregionaldigital.com.br\/index.php?rest_route=\/wp\/v2\/media\/207733"}],"wp:attachment":[{"href":"https:\/\/diarioregionaldigital.com.br\/index.php?rest_route=%2Fwp%2Fv2%2Fmedia&parent=207732"}],"wp:term":[{"taxonomy":"category","embeddable":true,"href":"https:\/\/diarioregionaldigital.com.br\/index.php?rest_route=%2Fwp%2Fv2%2Fcategories&post=207732"},{"taxonomy":"post_tag","embeddable":true,"href":"https:\/\/diarioregionaldigital.com.br\/index.php?rest_route=%2Fwp%2Fv2%2Ftags&post=207732"}],"curies":[{"name":"wp","href":"https:\/\/api.w.org\/{rel}","templated":true}]}}