{"id":207723,"date":"2022-12-13T21:42:06","date_gmt":"2022-12-14T00:42:06","guid":{"rendered":"https:\/\/diarioregionaldigital.com.br\/?p=207723"},"modified":"2022-12-13T21:42:06","modified_gmt":"2022-12-14T00:42:06","slug":"dolar-fecha-dia-em-queda-de-004","status":"publish","type":"post","link":"https:\/\/diarioregionaldigital.com.br\/?p=207723","title":{"rendered":"D\u00f3lar fecha dia em queda de 0,04%"},"content":{"rendered":"<p>O d\u00f3lar fechou em queda de 0,04%, terminando o dia a R$ 5,3098. Ao longo do preg\u00e3o, a divisa operou em baixa chegando a recuar 1,31%. A moeda norte-americana encerrou o dia perto da estabilidade contrastando o bom humor externo, com os dados da infla\u00e7\u00e3o dos EUA, com o an\u00fancio de que Aloizio Mercadante ser\u00e1 o novo presidente do Banco Nacional de Desenvolvimento Econ\u00f4mico e Social (BNDES), o que desagradou o mercado.<img decoding=\"async\" src=\"https:\/\/agenciabrasil.ebc.com.br\/ebc.png?id=1498396&amp;o=node\" \/><img decoding=\"async\" src=\"https:\/\/agenciabrasil.ebc.com.br\/ebc.gif?id=1498396&amp;o=node\" \/><\/p>\n<p>Os n\u00fameros da infla\u00e7\u00e3o norte-americanos foram mais baixos do que o esperado, o que refor\u00e7ou a esperan\u00e7a de que o Federal Reserve, o Banco Central dos EUA, modera seu ritmo de aperto monet\u00e1rio.<\/p>\n<p>O Departamento do Trabalho dos EUA informou nesta ter\u00e7a-feira que o \u00edndice de pre\u00e7os ao consumidor subiu 0,1% no m\u00eas passado, ap\u00f3s avan\u00e7o de 0,4% em outubro. O Federal Reserve encerra sua reuni\u00e3o de pol\u00edtica monet\u00e1ria de dois dias na tarde de quarta-feira (14).<\/p>\n<p>J\u00e1 a bolsa de valores encerrou o dia em queda, tamb\u00e9m reflexo do an\u00fancio de Mercadante para o BNDES. A B3 fechou em -1,71%, encerrando o preg\u00e3o com 103.539 pontos. Foi a segunda queda seguida da bolsa.<\/p>\n<p><span style=\"font-weight: 400;\">Fonte: Ag\u00eancia Brasil <\/span><\/p>\n","protected":false},"excerpt":{"rendered":"<p>O d\u00f3lar fechou em queda de 0,04%, terminando o dia a R$ 5,3098. Ao longo do preg\u00e3o, a divisa operou em baixa chegando a recuar 1,31%. A moeda norte-americana encerrou o dia perto da estabilidade contrastando o bom humor externo, com os dados da infla\u00e7\u00e3o dos EUA, com o an\u00fancio de que Aloizio Mercadante ser\u00e1 [&hellip;]<\/p>\n","protected":false},"author":246,"featured_media":207724,"comment_status":"closed","ping_status":"closed","sticky":false,"template":"","format":"standard","meta":{"footnotes":""},"categories":[436,261,439],"tags":[],"class_list":["post-207723","post","type-post","status-publish","format-standard","has-post-thumbnail","hentry","category-destaque-da-semana","category-economia","category-ultima-hora"],"_links":{"self":[{"href":"https:\/\/diarioregionaldigital.com.br\/index.php?rest_route=\/wp\/v2\/posts\/207723","targetHints":{"allow":["GET"]}}],"collection":[{"href":"https:\/\/diarioregionaldigital.com.br\/index.php?rest_route=\/wp\/v2\/posts"}],"about":[{"href":"https:\/\/diarioregionaldigital.com.br\/index.php?rest_route=\/wp\/v2\/types\/post"}],"author":[{"embeddable":true,"href":"https:\/\/diarioregionaldigital.com.br\/index.php?rest_route=\/wp\/v2\/users\/246"}],"replies":[{"embeddable":true,"href":"https:\/\/diarioregionaldigital.com.br\/index.php?rest_route=%2Fwp%2Fv2%2Fcomments&post=207723"}],"version-history":[{"count":1,"href":"https:\/\/diarioregionaldigital.com.br\/index.php?rest_route=\/wp\/v2\/posts\/207723\/revisions"}],"predecessor-version":[{"id":207725,"href":"https:\/\/diarioregionaldigital.com.br\/index.php?rest_route=\/wp\/v2\/posts\/207723\/revisions\/207725"}],"wp:featuredmedia":[{"embeddable":true,"href":"https:\/\/diarioregionaldigital.com.br\/index.php?rest_route=\/wp\/v2\/media\/207724"}],"wp:attachment":[{"href":"https:\/\/diarioregionaldigital.com.br\/index.php?rest_route=%2Fwp%2Fv2%2Fmedia&parent=207723"}],"wp:term":[{"taxonomy":"category","embeddable":true,"href":"https:\/\/diarioregionaldigital.com.br\/index.php?rest_route=%2Fwp%2Fv2%2Fcategories&post=207723"},{"taxonomy":"post_tag","embeddable":true,"href":"https:\/\/diarioregionaldigital.com.br\/index.php?rest_route=%2Fwp%2Fv2%2Ftags&post=207723"}],"curies":[{"name":"wp","href":"https:\/\/api.w.org\/{rel}","templated":true}]}}