{"id":207720,"date":"2022-12-13T21:40:36","date_gmt":"2022-12-14T00:40:36","guid":{"rendered":"https:\/\/diarioregionaldigital.com.br\/?p=207720"},"modified":"2022-12-13T21:40:36","modified_gmt":"2022-12-14T00:40:36","slug":"presidente-do-banco-central-defende-combate-a-contas-fantasmas","status":"publish","type":"post","link":"https:\/\/diarioregionaldigital.com.br\/?p=207720","title":{"rendered":"Presidente do Banco Central defende combate a contas fantasmas"},"content":{"rendered":"<div class=\"post-item-wrap\">\n<p>O presidente do Banco Central (BC), Roberto Campos Neto, destacou hoje (13) a import\u00e2ncia do combate \u00e0s contas banc\u00e1rias fraudulentas como forma de ampliar a seguran\u00e7a dos usu\u00e1rios de um sistema financeiro cada vez mais digitalizado.<img decoding=\"async\" src=\"https:\/\/agenciabrasil.ebc.com.br\/ebc.png?id=1498325&amp;o=node\" \/><img decoding=\"async\" src=\"https:\/\/agenciabrasil.ebc.com.br\/ebc.gif?id=1498325&amp;o=node\" \/><\/p>\n<p>\u201cAumentamos muito o trabalho com bancos para eliminarmos esse tipo de conta\u201d, disse Neto, referindo-se \u00e0s chamadas contas laranjas ou fantasmas, abertas em nome de pessoas que, muitas vezes, ignoram o fato. Tais contas costumam ser criadas por criminosos com o objetivo de movimentar dinheiro obtido de forma il\u00edcita ou para adquirir produtos e servi\u00e7os.<\/p>\n<p>\u201cAs opera\u00e7\u00f5es digitais s\u00e3o mais rastre\u00e1veis. Onde est\u00e1 o elo fraco [do sistema]? Nas contas laranja, de aluguel\u201d, acrescentou Neto ao participar, na manh\u00e3 de hoje, de um semin\u00e1rio sobre seguran\u00e7a e prote\u00e7\u00e3o de dados no mundo digital, promovido pelo portal Poder 360.<\/p>\n<p>\u201cSe as contas forem todas monitoradas, melhoramos o processo como um todo. Quando a gente diz que h\u00e1 fraude no Pix, por exemplo, \u00e9 porque algu\u00e9m transferiu dinheiro de uma conta para outra. S\u00f3 que esta transfer\u00eancia \u00e9 rastre\u00e1vel. Logo, ou a pessoa que cometeu o roubo, a fraude, transferiu [a quantia] para a sua pr\u00f3pria conta \u2013 o que \u00e9 f\u00e1cil de ser detectado \u2013 ou ela transferiu para uma conta laranja\u201d, avaliou o presidente do BC, assegurando que a institui\u00e7\u00e3o tem projetos para tornar as opera\u00e7\u00f5es digitais cada vez mais \u201crastre\u00e1veis\u201d.<\/p>\n<p>\u201cOs bancos j\u00e1 investem muito em ciberseguran\u00e7a e as estat\u00edsticas demonstram que o sistema j\u00e1 \u00e9 seguro, mas a digitaliza\u00e7\u00e3o cresce, hoje, quase que exponencialmente. O n\u00famero de neg\u00f3cios cresce exponencialmente e a parte das finan\u00e7as descentralizada, a parte do sistema financeiro fora da regula\u00e7\u00e3o, cresce quase quatro vezes mais que a que est\u00e1 dentro da regula\u00e7\u00e3o. Achar que n\u00e3o existem\u00a0<em>links<\/em>, conex\u00e3o, entre o que est\u00e1 fora e dentro da regula\u00e7\u00e3o \u00e9 um erro. Se tivermos um problema de ciberseguran\u00e7a em um ambiente fora da regula\u00e7\u00e3o, de grandes propor\u00e7\u00f5es, ele afeta a liquidez do sistema e, logo, a parte regulada\u201d, disse Neto ao comentar que o grande desafio em termos de ciberseguran\u00e7a no sistema financeiro \u00e9 pensar solu\u00e7\u00f5es para uma realidade em transforma\u00e7\u00e3o.<\/p>\n<p>\u201cMuito se fala sobre criptomoedas e criptoativos, mas acho que \u00e9 muito mais profundo que isso. As pessoas est\u00e3o usando a digitaliza\u00e7\u00e3o como uma forma de extrair ativos e acho que este \u00e9 o ponto importante, um processo que acho que n\u00e3o tem volta\u201d, afirmou o presidente do BC ao garantir que a mudan\u00e7a de governo federal n\u00e3o afetar\u00e1 os projetos em curso no Banco Central. \u201cO banco tem autonomia, e eu fico no cargo mais dois anos. Al\u00e9m disso, grande parte destes projetos n\u00e3o s\u00e3o de um presidente [da institui\u00e7\u00e3o] ou da sua equipe, mas sim do banco. A vis\u00e3o adotada pelos quadros do Banco Central vai continuar, independentemente do governo.\u201d<\/p>\n<p><span style=\"font-weight: 400;\">Fonte: Ag\u00eancia Brasil <\/span><\/p>\n<\/div>\n","protected":false},"excerpt":{"rendered":"<p>O presidente do Banco Central (BC), Roberto Campos Neto, destacou hoje (13) a import\u00e2ncia do combate \u00e0s contas banc\u00e1rias fraudulentas como forma de ampliar a seguran\u00e7a dos usu\u00e1rios de um sistema financeiro cada vez mais digitalizado. \u201cAumentamos muito o trabalho com bancos para eliminarmos esse tipo de conta\u201d, disse Neto, referindo-se \u00e0s chamadas contas laranjas [&hellip;]<\/p>\n","protected":false},"author":246,"featured_media":207721,"comment_status":"closed","ping_status":"closed","sticky":false,"template":"","format":"standard","meta":{"footnotes":""},"categories":[436,440,261,439],"tags":[],"class_list":["post-207720","post","type-post","status-publish","format-standard","has-post-thumbnail","hentry","category-destaque-da-semana","category-destaques-do-dia","category-economia","category-ultima-hora"],"_links":{"self":[{"href":"https:\/\/diarioregionaldigital.com.br\/index.php?rest_route=\/wp\/v2\/posts\/207720","targetHints":{"allow":["GET"]}}],"collection":[{"href":"https:\/\/diarioregionaldigital.com.br\/index.php?rest_route=\/wp\/v2\/posts"}],"about":[{"href":"https:\/\/diarioregionaldigital.com.br\/index.php?rest_route=\/wp\/v2\/types\/post"}],"author":[{"embeddable":true,"href":"https:\/\/diarioregionaldigital.com.br\/index.php?rest_route=\/wp\/v2\/users\/246"}],"replies":[{"embeddable":true,"href":"https:\/\/diarioregionaldigital.com.br\/index.php?rest_route=%2Fwp%2Fv2%2Fcomments&post=207720"}],"version-history":[{"count":1,"href":"https:\/\/diarioregionaldigital.com.br\/index.php?rest_route=\/wp\/v2\/posts\/207720\/revisions"}],"predecessor-version":[{"id":207722,"href":"https:\/\/diarioregionaldigital.com.br\/index.php?rest_route=\/wp\/v2\/posts\/207720\/revisions\/207722"}],"wp:featuredmedia":[{"embeddable":true,"href":"https:\/\/diarioregionaldigital.com.br\/index.php?rest_route=\/wp\/v2\/media\/207721"}],"wp:attachment":[{"href":"https:\/\/diarioregionaldigital.com.br\/index.php?rest_route=%2Fwp%2Fv2%2Fmedia&parent=207720"}],"wp:term":[{"taxonomy":"category","embeddable":true,"href":"https:\/\/diarioregionaldigital.com.br\/index.php?rest_route=%2Fwp%2Fv2%2Fcategories&post=207720"},{"taxonomy":"post_tag","embeddable":true,"href":"https:\/\/diarioregionaldigital.com.br\/index.php?rest_route=%2Fwp%2Fv2%2Ftags&post=207720"}],"curies":[{"name":"wp","href":"https:\/\/api.w.org\/{rel}","templated":true}]}}