{"id":207709,"date":"2022-12-12T23:57:52","date_gmt":"2022-12-13T02:57:52","guid":{"rendered":"https:\/\/diarioregionaldigital.com.br\/?p=207709"},"modified":"2022-12-12T23:57:52","modified_gmt":"2022-12-13T02:57:52","slug":"prefeitura-realiza-revitalizacao-com-plantio-de-520-mudas-em-canteiro-na-avenida-brasil","status":"publish","type":"post","link":"https:\/\/diarioregionaldigital.com.br\/?p=207709","title":{"rendered":"Prefeitura realiza revitaliza\u00e7\u00e3o com plantio de 520 mudas em canteiro na Avenida Brasil"},"content":{"rendered":"<p>Segundo informa\u00e7\u00f5es do site da Prefeitura de Juiz de Fora (PJF), trazer leveza aos canteiros da cidade com o plantio de flores tamb\u00e9m \u00e9 um dos objetivos do programa Boniteza. Nesta segunda-feira, 12, a Prefeitura de Juiz de Fora (PJF) realizou uma a\u00e7\u00e3o de cultivo de mudas em mais um canteiro na Avenida Brasil. Desta vez, o local atendido foi pr\u00f3ximo a ponte do bairro Santa Terezinha.<\/p>\n<p>A interven\u00e7\u00e3o contou com a participa\u00e7\u00e3o de quatro acauteladas do sistema prisional e outros quatro funcion\u00e1rios do Horto Florestal da Empresa Municipal de Pavimenta\u00e7\u00e3o e Urbanidades (Empav). No total, foram plantadas cerca de 520 mudas de esp\u00e9cies ornamentais variadas, como dracena-vermelha, pingo d\u2019ouro, iresine, helic\u00f4nias e cl\u00fasia.<\/p>\n<p>A previs\u00e3o \u00e9 que os trabalhos sejam conclu\u00eddos nesta ter\u00e7a-feira, 13. A programa\u00e7\u00e3o di\u00e1ria das atividades realizadas pela Prefeitura de Juiz de Fora pode ser conferida na p\u00e1gina do Gabinete de A\u00e7\u00e3o e Di\u00e1logo Comunit\u00e1rio atrav\u00e9s do<a href=\"https:\/\/www.pjf.mg.gov.br\/gabinetecomunitario\/#onde\"><strong>\u00a0<\/strong><strong>link<\/strong>.<\/a><\/p>\n<p>Todas as a\u00e7\u00f5es de reestrutura\u00e7\u00e3o, urbaniza\u00e7\u00e3o e zeladoria realizadas pela Empav fazem parte do Programa Boniteza. Estes e outros servi\u00e7os podem ser solicitados atrav\u00e9s do Gabinete de A\u00e7\u00e3o e Di\u00e1logo Comunit\u00e1rio, que recebe e organiza pedidos relativos a interven\u00e7\u00f5es e melhorias urbanas. O contato pode ser feito por liga\u00e7\u00e3o telef\u00f4nica, pelo n\u00famero (32) 3690-7241 ou, ainda, via WhatsApp, utilizando o mesmo n\u00famero.<\/p>\n","protected":false},"excerpt":{"rendered":"<p>Segundo informa\u00e7\u00f5es do site da Prefeitura de Juiz de Fora (PJF), trazer leveza aos canteiros da cidade com o plantio de flores tamb\u00e9m \u00e9 um dos objetivos do programa Boniteza. Nesta segunda-feira, 12, a Prefeitura de Juiz de Fora (PJF) realizou uma a\u00e7\u00e3o de cultivo de mudas em mais um canteiro na Avenida Brasil. Desta [&hellip;]<\/p>\n","protected":false},"author":246,"featured_media":207710,"comment_status":"closed","ping_status":"closed","sticky":false,"template":"","format":"standard","meta":{"footnotes":""},"categories":[253,436,439],"tags":[],"class_list":["post-207709","post","type-post","status-publish","format-standard","has-post-thumbnail","hentry","category-cidade","category-destaque-da-semana","category-ultima-hora"],"_links":{"self":[{"href":"https:\/\/diarioregionaldigital.com.br\/index.php?rest_route=\/wp\/v2\/posts\/207709","targetHints":{"allow":["GET"]}}],"collection":[{"href":"https:\/\/diarioregionaldigital.com.br\/index.php?rest_route=\/wp\/v2\/posts"}],"about":[{"href":"https:\/\/diarioregionaldigital.com.br\/index.php?rest_route=\/wp\/v2\/types\/post"}],"author":[{"embeddable":true,"href":"https:\/\/diarioregionaldigital.com.br\/index.php?rest_route=\/wp\/v2\/users\/246"}],"replies":[{"embeddable":true,"href":"https:\/\/diarioregionaldigital.com.br\/index.php?rest_route=%2Fwp%2Fv2%2Fcomments&post=207709"}],"version-history":[{"count":1,"href":"https:\/\/diarioregionaldigital.com.br\/index.php?rest_route=\/wp\/v2\/posts\/207709\/revisions"}],"predecessor-version":[{"id":207711,"href":"https:\/\/diarioregionaldigital.com.br\/index.php?rest_route=\/wp\/v2\/posts\/207709\/revisions\/207711"}],"wp:featuredmedia":[{"embeddable":true,"href":"https:\/\/diarioregionaldigital.com.br\/index.php?rest_route=\/wp\/v2\/media\/207710"}],"wp:attachment":[{"href":"https:\/\/diarioregionaldigital.com.br\/index.php?rest_route=%2Fwp%2Fv2%2Fmedia&parent=207709"}],"wp:term":[{"taxonomy":"category","embeddable":true,"href":"https:\/\/diarioregionaldigital.com.br\/index.php?rest_route=%2Fwp%2Fv2%2Fcategories&post=207709"},{"taxonomy":"post_tag","embeddable":true,"href":"https:\/\/diarioregionaldigital.com.br\/index.php?rest_route=%2Fwp%2Fv2%2Ftags&post=207709"}],"curies":[{"name":"wp","href":"https:\/\/api.w.org\/{rel}","templated":true}]}}