{"id":207706,"date":"2022-12-12T23:55:27","date_gmt":"2022-12-13T02:55:27","guid":{"rendered":"https:\/\/diarioregionaldigital.com.br\/?p=207706"},"modified":"2022-12-12T23:55:27","modified_gmt":"2022-12-13T02:55:27","slug":"prefeitura-disponibiliza-onibus-extra-para-atender-horario-especial-do-comercio","status":"publish","type":"post","link":"https:\/\/diarioregionaldigital.com.br\/?p=207706","title":{"rendered":"Prefeitura disponibiliza \u00f4nibus extra para atender hor\u00e1rio especial do com\u00e9rcio"},"content":{"rendered":"<p>Segundo informa\u00e7\u00f5es do site da Prefeitura de Juiz de Fora (PJF), nos dias de funcionamento especial do com\u00e9rcio da cidade, a Prefeitura de Juiz de Fora (PJF), por meio da Secretaria de Mobilidade Urbana (SMU), montou um esquema diferenciado do transporte coletivo para atender aos consumidores e aos funcion\u00e1rios do setor. Nos dias 17 e 24, s\u00e1bado, quando as lojas abrem entre 8h e 18h, os \u00f4nibus v\u00e3o circular com quadro de hor\u00e1rio dos dias \u00fateis. J\u00e1 nos domingos dos dias 11 e 18, quando o funcionamento ser\u00e1 entre 10h e 16h, o transporte p\u00fablico atende aos usu\u00e1rios com os hor\u00e1rios de s\u00e1bado.<br \/>\nOs interessados podem conferir o hor\u00e1rio e itiner\u00e1rio dos \u00f4nibus urbanos no link\u00a0<a href=\"https:\/\/www.pjf.mg.gov.br\/onibus\/index.php\"><strong>Infotrans<\/strong><\/a>, no Portal da PJF.<\/p>\n","protected":false},"excerpt":{"rendered":"<p>Segundo informa\u00e7\u00f5es do site da Prefeitura de Juiz de Fora (PJF), nos dias de funcionamento especial do com\u00e9rcio da cidade, a Prefeitura de Juiz de Fora (PJF), por meio da Secretaria de Mobilidade Urbana (SMU), montou um esquema diferenciado do transporte coletivo para atender aos consumidores e aos funcion\u00e1rios do setor. Nos dias 17 e [&hellip;]<\/p>\n","protected":false},"author":246,"featured_media":207707,"comment_status":"closed","ping_status":"closed","sticky":false,"template":"","format":"standard","meta":{"footnotes":""},"categories":[253,436,439],"tags":[],"class_list":["post-207706","post","type-post","status-publish","format-standard","has-post-thumbnail","hentry","category-cidade","category-destaque-da-semana","category-ultima-hora"],"_links":{"self":[{"href":"https:\/\/diarioregionaldigital.com.br\/index.php?rest_route=\/wp\/v2\/posts\/207706","targetHints":{"allow":["GET"]}}],"collection":[{"href":"https:\/\/diarioregionaldigital.com.br\/index.php?rest_route=\/wp\/v2\/posts"}],"about":[{"href":"https:\/\/diarioregionaldigital.com.br\/index.php?rest_route=\/wp\/v2\/types\/post"}],"author":[{"embeddable":true,"href":"https:\/\/diarioregionaldigital.com.br\/index.php?rest_route=\/wp\/v2\/users\/246"}],"replies":[{"embeddable":true,"href":"https:\/\/diarioregionaldigital.com.br\/index.php?rest_route=%2Fwp%2Fv2%2Fcomments&post=207706"}],"version-history":[{"count":1,"href":"https:\/\/diarioregionaldigital.com.br\/index.php?rest_route=\/wp\/v2\/posts\/207706\/revisions"}],"predecessor-version":[{"id":207708,"href":"https:\/\/diarioregionaldigital.com.br\/index.php?rest_route=\/wp\/v2\/posts\/207706\/revisions\/207708"}],"wp:featuredmedia":[{"embeddable":true,"href":"https:\/\/diarioregionaldigital.com.br\/index.php?rest_route=\/wp\/v2\/media\/207707"}],"wp:attachment":[{"href":"https:\/\/diarioregionaldigital.com.br\/index.php?rest_route=%2Fwp%2Fv2%2Fmedia&parent=207706"}],"wp:term":[{"taxonomy":"category","embeddable":true,"href":"https:\/\/diarioregionaldigital.com.br\/index.php?rest_route=%2Fwp%2Fv2%2Fcategories&post=207706"},{"taxonomy":"post_tag","embeddable":true,"href":"https:\/\/diarioregionaldigital.com.br\/index.php?rest_route=%2Fwp%2Fv2%2Ftags&post=207706"}],"curies":[{"name":"wp","href":"https:\/\/api.w.org\/{rel}","templated":true}]}}