{"id":207699,"date":"2022-12-12T23:51:11","date_gmt":"2022-12-13T02:51:11","guid":{"rendered":"https:\/\/diarioregionaldigital.com.br\/?p=207699"},"modified":"2022-12-12T23:51:11","modified_gmt":"2022-12-13T02:51:11","slug":"espaco-emprego-jf-promove-encontro-entre-empresas-e-profissionais-em-busca-de-oportunidades","status":"publish","type":"post","link":"https:\/\/diarioregionaldigital.com.br\/?p=207699","title":{"rendered":"\u201cEspa\u00e7o Emprego JF\u201d promove encontro entre empresas e profissionais em busca de oportunidades"},"content":{"rendered":"<p>Segundo informa\u00e7\u00f5es do site da Prefeitura de Juiz de Fora (PJF),\u00a0 mais de 1.200 pessoas em busca de oportunidade de emprego passaram pelo Espa\u00e7o Cidade no \u00faltimo s\u00e1bado, 10, e nesta segunda-feira, 12, durante a realiza\u00e7\u00e3o da segunda edi\u00e7\u00e3o do projeto \u201cEspa\u00e7o Emprego JF\u201d. Desta vez, duas empresas (Cercred, de recupera\u00e7\u00e3o de cr\u00e9dito e atendimento ao cliente; e Grupo Project, de consultoria empresarial) ofereceram mais de mil vagas para contrata\u00e7\u00e3o imediata. Entre os presentes, diferentes faixas et\u00e1rias, n\u00edveis de escolaridade e interesses.<\/p>\n<p>Roosevelt Histon Mendes \u00e9 PCD (pessoa com defici\u00eancia) em busca de recoloca\u00e7\u00e3o. \u201cEstou pleiteando uma vaga de emprego. J\u00e1 estou h\u00e1 um tempo desempregado, desde mar\u00e7o. Essa \u00e9 uma iniciativa bacana, uma forma de acessibilidade das pessoas para fazer a inscri\u00e7\u00e3o para a vaga. Estou com bastante esperan\u00e7a. Possuo experi\u00eancia na \u00e1rea administrativa, j\u00e1 trabalhei em col\u00e9gio e ind\u00fastrias\u201d.<\/p>\n<p>Efrain Jos\u00e9 Sifontes \u00e9 venezuelano e esteve presente nos dois dias da a\u00e7\u00e3o. A inten\u00e7\u00e3o \u00e9 conseguir uma oportunidade tamb\u00e9m para o filho, de 17 anos, como Jovem Aprendiz. H\u00e1 dois anos no Brasil, Efrain domina bem a l\u00edngua portuguesa e j\u00e1 trabalhou em uma padaria. No pa\u00eds de origem, j\u00e1 se ocupou como porteiro, servi\u00e7os gerais e foi candidato a vereador. \u201cPrecisei voltar \u00e0 Venezuela para buscar o meu filho. Estou h\u00e1 quatro meses em Juiz de Fora, em busca de emprego para sustentar a fam\u00edlia. (O evento) \u00e9 muito interessante e espero conseguir\u201d.<\/p>\n<p>Bernardo Mendes, 35 anos, tem no curr\u00edculo duas faculdades: Administra\u00e7\u00e3o de Empresas e Direito. \u201cVim com a inten\u00e7\u00e3o de conseguir vaga na minha \u00e1rea de forma\u00e7\u00e3o. Deixando no banco de curr\u00edculos, posso ser chamado para futuras oportunidades\u201d, afirma.<\/p>\n<p>O diretor do Grupo Project, Bruno Oliveira, avaliou a a\u00e7\u00e3o como \u201cum trabalho incr\u00edvel que fizemos com a Prefeitura de Juiz de Fora, que abriu as portas para a empresa. Nos inscrevemos em uma chamada p\u00fablica para o preenchimento de oportunidades e algumas pessoas j\u00e1 sa\u00edram direcionadas para as vagas\u201d.<\/p>\n<p>A primeira edi\u00e7\u00e3o do Espa\u00e7o Emprego JF aconteceu no final de outubro e resultou na contrata\u00e7\u00e3o de 120 pessoas pela empresa \u201cTubar\u00e3o Atacad\u00e3o\u201d, que ser\u00e1 inaugurada esta semana na cidade. Os resultados da segunda edi\u00e7\u00e3o ser\u00e3o divulgados ap\u00f3s finalizado o processo seletivo das empresas.<\/p>\n<p>\u201cParte das a\u00e7\u00f5es do programa \u2018Gera\u00e7\u00e3o JF \u2013 Emprego, Renda e Neg\u00f3cios\u2019, o projeto \u2018Espa\u00e7o Emprego JF\u2019 pretende oferecer \u00e0s empresas locais a oportunidade de utilizar o Espa\u00e7o Cidade, ou outro espa\u00e7o p\u00fablico indicado pela Prefeitura de Juiz de Fora, de acordo com a necessidade, para oferta de postos de trabalho e recebimento de curr\u00edculos. O objetivo do projeto de intermedia\u00e7\u00e3o de m\u00e3o de obra para o mercado de trabalho \u00e9 promover a inser\u00e7\u00e3o de trabalhadores em vagas permanentes, tempor\u00e1rias, de aprendizes ou de est\u00e1gios, al\u00e9m de apoiar empregadores que necessitam contratar trabalhadores\u201d, explica o secret\u00e1rio de Desenvolvimento, Ignacio Delgado.<\/p>\n<p>Empresas interessadas em participar do projeto devem acompanhar as chamadas p\u00fablicas da Prefeitura de Juiz de Fora, pelo\u00a0<a href=\"http:\/\/pjf.mg.gov.br\/\"><strong>portal da PJF<\/strong><\/a>.<\/p>\n","protected":false},"excerpt":{"rendered":"<p>Segundo informa\u00e7\u00f5es do site da Prefeitura de Juiz de Fora (PJF),\u00a0 mais de 1.200 pessoas em busca de oportunidade de emprego passaram pelo Espa\u00e7o Cidade no \u00faltimo s\u00e1bado, 10, e nesta segunda-feira, 12, durante a realiza\u00e7\u00e3o da segunda edi\u00e7\u00e3o do projeto \u201cEspa\u00e7o Emprego JF\u201d. Desta vez, duas empresas (Cercred, de recupera\u00e7\u00e3o de cr\u00e9dito e atendimento [&hellip;]<\/p>\n","protected":false},"author":246,"featured_media":207700,"comment_status":"closed","ping_status":"closed","sticky":false,"template":"","format":"standard","meta":{"footnotes":""},"categories":[253,436,440,439],"tags":[],"class_list":["post-207699","post","type-post","status-publish","format-standard","has-post-thumbnail","hentry","category-cidade","category-destaque-da-semana","category-destaques-do-dia","category-ultima-hora"],"_links":{"self":[{"href":"https:\/\/diarioregionaldigital.com.br\/index.php?rest_route=\/wp\/v2\/posts\/207699","targetHints":{"allow":["GET"]}}],"collection":[{"href":"https:\/\/diarioregionaldigital.com.br\/index.php?rest_route=\/wp\/v2\/posts"}],"about":[{"href":"https:\/\/diarioregionaldigital.com.br\/index.php?rest_route=\/wp\/v2\/types\/post"}],"author":[{"embeddable":true,"href":"https:\/\/diarioregionaldigital.com.br\/index.php?rest_route=\/wp\/v2\/users\/246"}],"replies":[{"embeddable":true,"href":"https:\/\/diarioregionaldigital.com.br\/index.php?rest_route=%2Fwp%2Fv2%2Fcomments&post=207699"}],"version-history":[{"count":1,"href":"https:\/\/diarioregionaldigital.com.br\/index.php?rest_route=\/wp\/v2\/posts\/207699\/revisions"}],"predecessor-version":[{"id":207701,"href":"https:\/\/diarioregionaldigital.com.br\/index.php?rest_route=\/wp\/v2\/posts\/207699\/revisions\/207701"}],"wp:featuredmedia":[{"embeddable":true,"href":"https:\/\/diarioregionaldigital.com.br\/index.php?rest_route=\/wp\/v2\/media\/207700"}],"wp:attachment":[{"href":"https:\/\/diarioregionaldigital.com.br\/index.php?rest_route=%2Fwp%2Fv2%2Fmedia&parent=207699"}],"wp:term":[{"taxonomy":"category","embeddable":true,"href":"https:\/\/diarioregionaldigital.com.br\/index.php?rest_route=%2Fwp%2Fv2%2Fcategories&post=207699"},{"taxonomy":"post_tag","embeddable":true,"href":"https:\/\/diarioregionaldigital.com.br\/index.php?rest_route=%2Fwp%2Fv2%2Ftags&post=207699"}],"curies":[{"name":"wp","href":"https:\/\/api.w.org\/{rel}","templated":true}]}}