{"id":207696,"date":"2022-12-12T23:42:45","date_gmt":"2022-12-13T02:42:45","guid":{"rendered":"https:\/\/diarioregionaldigital.com.br\/?p=207696"},"modified":"2022-12-12T23:42:45","modified_gmt":"2022-12-13T02:42:45","slug":"cristian-ribera-e-bronze-em-etapa-da-copa-do-mundo-de-esqui-cross-country-na-finlandia","status":"publish","type":"post","link":"https:\/\/diarioregionaldigital.com.br\/?p=207696","title":{"rendered":"Cristian Ribera \u00e9 bronze em etapa da Copa do Mundo de esqui cross-country na Finl\u00e2ndia"},"content":{"rendered":"<p>O rondoniense Cristian Ribera, 20 anos, conquistou uma medalha de bronze na prova de 5km de esqui cross-country em Vuokatti, na Finl\u00e2ndia, no \u00faltimo s\u00e1bado, 10.12, durante etapa da Copa do Mundo da modalidade. O brasileiro completou a dist\u00e2ncia em 13min41s60 e foi superado apenas pelo italiano Giuseppe Romele, medalhista de ouro com o tempo de 13min05s20, e pelo canadense Collin Cameron, prata com a marca de 13min36s80.<\/p>\n<p>&#8220;Apesar de a neve estar mais pesada do que est\u00e1vamos treinando, foi muito bom. Conseguimos colocar em pratica o que treinamos o ano todo e, obviamente, fomos recompensados. Um bronze numa Copa do Mundo \u00e9 sempre de se comemorar&#8221;, disse o atleta, que nasceu com artrogripose \u2013 doen\u00e7a cong\u00eanita das articula\u00e7\u00f5es das extremidades \u2013 e, em busca de tratamento, mudou-se de Rond\u00f4nia para S\u00e3o Paulo.<\/p>\n<p>J\u00e1 neste domingo, 11.12, na prova r\u00e1pida, em que foi vice-campe\u00e3o mundial no \u00faltimo m\u00eas de janeiro, em Lillehammer, na Noruega, Cristian acabou em quarto lugar e ficou fora do p\u00f3dio. Na classificat\u00f3ria, o brasileiro fez o segundo melhor tempo e avan\u00e7ou \u00e0 semifinal, fase em que liderou a bateria. No entanto, na final, Cristian tomou uma decis\u00e3o equivocada, segundo o pr\u00f3prio, e n\u00e3o conseguiu repetir o desempenho.<\/p>\n<p>&#8220;Fiz o percurso quase todo bem, mas acabei tomando a decis\u00e3o de ir por &#8216;fora&#8217; e acabei entrando num trecho mais lento da pista. N\u00e3o vou mentir que fiquei bravo comigo mesmo por &#8216;ter errado&#8217; naquela hora. Poderia estar no p\u00f3dio, mas s\u00e3o detalhes que vamos nos atentar mais na pr\u00f3xima&#8221;, analisou o rondoniense, um dos seis atletas que representaram o Brasil nos Jogos Paral\u00edmpicos de Inverno Pequim 2022.<\/p>\n<p>Cristian encerra a sua participa\u00e7\u00e3o na etapa da Copa do Mundo de Vuokatti na pr\u00f3xima quarta-feira, 14, quando disputar\u00e1 a prova de 10 km.<\/p>\n<p>Fonte: Comit\u00ea Paral\u00edmpico Brasileiro (CPB)<\/p>\n<p>&nbsp;<\/p>\n","protected":false},"excerpt":{"rendered":"<p>O rondoniense Cristian Ribera, 20 anos, conquistou uma medalha de bronze na prova de 5km de esqui cross-country em Vuokatti, na Finl\u00e2ndia, no \u00faltimo s\u00e1bado, 10.12, durante etapa da Copa do Mundo da modalidade. O brasileiro completou a dist\u00e2ncia em 13min41s60 e foi superado apenas pelo italiano Giuseppe Romele, medalhista de ouro com o tempo [&hellip;]<\/p>\n","protected":false},"author":246,"featured_media":207697,"comment_status":"closed","ping_status":"closed","sticky":false,"template":"","format":"standard","meta":{"footnotes":""},"categories":[436,257,439],"tags":[],"class_list":["post-207696","post","type-post","status-publish","format-standard","has-post-thumbnail","hentry","category-destaque-da-semana","category-esporte","category-ultima-hora"],"_links":{"self":[{"href":"https:\/\/diarioregionaldigital.com.br\/index.php?rest_route=\/wp\/v2\/posts\/207696","targetHints":{"allow":["GET"]}}],"collection":[{"href":"https:\/\/diarioregionaldigital.com.br\/index.php?rest_route=\/wp\/v2\/posts"}],"about":[{"href":"https:\/\/diarioregionaldigital.com.br\/index.php?rest_route=\/wp\/v2\/types\/post"}],"author":[{"embeddable":true,"href":"https:\/\/diarioregionaldigital.com.br\/index.php?rest_route=\/wp\/v2\/users\/246"}],"replies":[{"embeddable":true,"href":"https:\/\/diarioregionaldigital.com.br\/index.php?rest_route=%2Fwp%2Fv2%2Fcomments&post=207696"}],"version-history":[{"count":1,"href":"https:\/\/diarioregionaldigital.com.br\/index.php?rest_route=\/wp\/v2\/posts\/207696\/revisions"}],"predecessor-version":[{"id":207698,"href":"https:\/\/diarioregionaldigital.com.br\/index.php?rest_route=\/wp\/v2\/posts\/207696\/revisions\/207698"}],"wp:featuredmedia":[{"embeddable":true,"href":"https:\/\/diarioregionaldigital.com.br\/index.php?rest_route=\/wp\/v2\/media\/207697"}],"wp:attachment":[{"href":"https:\/\/diarioregionaldigital.com.br\/index.php?rest_route=%2Fwp%2Fv2%2Fmedia&parent=207696"}],"wp:term":[{"taxonomy":"category","embeddable":true,"href":"https:\/\/diarioregionaldigital.com.br\/index.php?rest_route=%2Fwp%2Fv2%2Fcategories&post=207696"},{"taxonomy":"post_tag","embeddable":true,"href":"https:\/\/diarioregionaldigital.com.br\/index.php?rest_route=%2Fwp%2Fv2%2Ftags&post=207696"}],"curies":[{"name":"wp","href":"https:\/\/api.w.org\/{rel}","templated":true}]}}