{"id":207685,"date":"2022-12-12T23:38:29","date_gmt":"2022-12-13T02:38:29","guid":{"rendered":"https:\/\/diarioregionaldigital.com.br\/?p=207685"},"modified":"2022-12-12T23:38:29","modified_gmt":"2022-12-13T02:38:29","slug":"brasil-derrota-a-alemanha-e-avanca-as-quartas-do-mundial-de-goalball","status":"publish","type":"post","link":"https:\/\/diarioregionaldigital.com.br\/?p=207685","title":{"rendered":"Brasil derrota a Alemanha e avan\u00e7a \u00e0s quartas do Mundial de Goalball"},"content":{"rendered":"<p>A sele\u00e7\u00e3o brasileira masculina emplacou (12) a quinta vit\u00f3ria seguida no Mundial de Goalball e assegurou a classifica\u00e7\u00e3o antecipada \u00e0s quartas de final da competi\u00e7\u00e3o, em Matosinhos (Portugal). Nesta segunda-feira (12), a equipe levou a melhor sobre a Alemanha, por 13 a 5. J\u00e1 com a vaga assegurada, os brasileiros voltam \u00e0 quadra nesta ter\u00e7a (13), \u00e0s 10h40 (hor\u00e1rio de Bras\u00edlia), contra a B\u00e9lgica.<strong>\u00a0<\/strong>As partidas s\u00e3o\u00a0<a href=\"https:\/\/agenciabrasil.ebc.com.br\/esportes\/noticia\/2022-12\/selecao-masculina-mantem-100-de-aproveitamento-no-mundial-de-goalball\">transmitidas ao vivo<\/a>\u00a0na p\u00e1gina do YouTube da\u00a0Kuriakos TV. Confira a\u00a0<a href=\"https:\/\/www.cbdv.org.br\/mundial-de-goalball-na-telinha-do-celular-veja-onde-assistir-aos-jogos-do-brasil\">programa\u00e7\u00e3o completa<\/a>.\u00a0<img decoding=\"async\" src=\"https:\/\/agenciabrasil.ebc.com.br\/ebc.png?id=1498090&amp;o=node\" \/><img decoding=\"async\" src=\"https:\/\/agenciabrasil.ebc.com.br\/ebc.gif?id=1498090&amp;o=node\" \/><\/p>\n<p>Comandados pelo t\u00e9cnico J\u00f4natas Castro, os brasileiros seguem firmes em busca do tricampeonato, fa\u00e7anha que at\u00e9 hoje nenhuma outra sele\u00e7\u00e3o conseguiu. Al\u00e9m da Alemanha, nesta edi\u00e7\u00e3o do Mundial o Brasil j\u00e1 superou Arg\u00e9lia, Jap\u00e3o, Turquia e Canad\u00e1<strong>.<\/strong><\/p>\n<blockquote><p>&#8220;\u00c9 como aquela velha hist\u00f3ria do esporte, pegar o embalo. O time est\u00e1 embalado, rodando todo mundo. Quem entra d\u00e1 conta do recado. Quando eu e o F\u00e1bio\u00a0<em>[Brandolin, auxiliar t\u00e9cnico de J\u00f4natas na sele\u00e7\u00e3o]<\/em>\u00a0assumimos, era nosso plano n\u00e3o ter tr\u00eas titulares apenas, mas pelo menos cinco. E, hoje, felizmente, temos seis atletas com condi\u00e7\u00f5es de entrar em qualquer partida. A ideia \u00e9 montar a estrat\u00e9gia pensando no time advers\u00e1rio, ent\u00e3o, temos um time bem vers\u00e1til, todos com ritmo de jogo e, ao mesmo tempo, conseguimos descansar o grupo como um todo com essas substitui\u00e7\u00f5es&#8221;, analisa o treinador, logo ap\u00f3s a classifica\u00e7\u00e3o, em depoimento \u00e0 Confedera\u00e7\u00e3o Brasileira de Desportos de Deficientes Visuais (CBDV).<\/p><\/blockquote>\n<p>O ala brasileiro Leomon foi o grande hoje (13) em quadra. Autor de cinco gols, ele foi eleito o melhor jogador da partida e posou para a foto oficial ao lado dos companheiros de equipe.Tamb\u00e9m balan\u00e7aram a rede Andr\u00e9 Dantas (quatro vezes), Parazinho (tr\u00eas) e Emerson (um). O Mundial \u00e9 classificat\u00f3rio para os Jogos Paral\u00edmpicos de Paris (2024): tanto o campe\u00e3o quanto o vice em cada g\u00eanero estar\u00e3o garantidos na principal competi\u00e7\u00e3o esportiva do planeta.<\/p>\n<h2>Sele\u00e7\u00e3o feminina perde para Israel<\/h2>\n<p>As brasileiras foram superadas por Israel nesta segunda (12), por 8 a 4, e est\u00e3o praticamente fora das quartas. Em cinco jogos, a sele\u00e7\u00e3o feminina s\u00f3 venceu uma vez: goleou Portugal, sele\u00e7\u00e3o anfitri\u00e3, por 10 a 0. vez \u00a0A \u00faltima partida da equipe dirigida pelo t\u00e9cnico Gabriel Goulart est\u00e1 programada para \u00e0s 7h10 desta ter\u00e7a-feira (13).<\/p>\n<p><span style=\"font-weight: 400;\">Fonte: Ag\u00eancia Brasil <\/span><\/p>\n","protected":false},"excerpt":{"rendered":"<p>A sele\u00e7\u00e3o brasileira masculina emplacou (12) a quinta vit\u00f3ria seguida no Mundial de Goalball e assegurou a classifica\u00e7\u00e3o antecipada \u00e0s quartas de final da competi\u00e7\u00e3o, em Matosinhos (Portugal). Nesta segunda-feira (12), a equipe levou a melhor sobre a Alemanha, por 13 a 5. J\u00e1 com a vaga assegurada, os brasileiros voltam \u00e0 quadra nesta ter\u00e7a [&hellip;]<\/p>\n","protected":false},"author":246,"featured_media":207686,"comment_status":"closed","ping_status":"closed","sticky":false,"template":"","format":"standard","meta":{"footnotes":""},"categories":[436,440,257,439],"tags":[],"class_list":["post-207685","post","type-post","status-publish","format-standard","has-post-thumbnail","hentry","category-destaque-da-semana","category-destaques-do-dia","category-esporte","category-ultima-hora"],"_links":{"self":[{"href":"https:\/\/diarioregionaldigital.com.br\/index.php?rest_route=\/wp\/v2\/posts\/207685","targetHints":{"allow":["GET"]}}],"collection":[{"href":"https:\/\/diarioregionaldigital.com.br\/index.php?rest_route=\/wp\/v2\/posts"}],"about":[{"href":"https:\/\/diarioregionaldigital.com.br\/index.php?rest_route=\/wp\/v2\/types\/post"}],"author":[{"embeddable":true,"href":"https:\/\/diarioregionaldigital.com.br\/index.php?rest_route=\/wp\/v2\/users\/246"}],"replies":[{"embeddable":true,"href":"https:\/\/diarioregionaldigital.com.br\/index.php?rest_route=%2Fwp%2Fv2%2Fcomments&post=207685"}],"version-history":[{"count":1,"href":"https:\/\/diarioregionaldigital.com.br\/index.php?rest_route=\/wp\/v2\/posts\/207685\/revisions"}],"predecessor-version":[{"id":207687,"href":"https:\/\/diarioregionaldigital.com.br\/index.php?rest_route=\/wp\/v2\/posts\/207685\/revisions\/207687"}],"wp:featuredmedia":[{"embeddable":true,"href":"https:\/\/diarioregionaldigital.com.br\/index.php?rest_route=\/wp\/v2\/media\/207686"}],"wp:attachment":[{"href":"https:\/\/diarioregionaldigital.com.br\/index.php?rest_route=%2Fwp%2Fv2%2Fmedia&parent=207685"}],"wp:term":[{"taxonomy":"category","embeddable":true,"href":"https:\/\/diarioregionaldigital.com.br\/index.php?rest_route=%2Fwp%2Fv2%2Fcategories&post=207685"},{"taxonomy":"post_tag","embeddable":true,"href":"https:\/\/diarioregionaldigital.com.br\/index.php?rest_route=%2Fwp%2Fv2%2Ftags&post=207685"}],"curies":[{"name":"wp","href":"https:\/\/api.w.org\/{rel}","templated":true}]}}