{"id":207682,"date":"2022-12-12T23:32:49","date_gmt":"2022-12-13T02:32:49","guid":{"rendered":"https:\/\/diarioregionaldigital.com.br\/?p=207682"},"modified":"2022-12-12T23:32:49","modified_gmt":"2022-12-13T02:32:49","slug":"governadores-se-reunem-com-presidente-do-stf-para-falar-de-arrecadacao","status":"publish","type":"post","link":"https:\/\/diarioregionaldigital.com.br\/?p=207682","title":{"rendered":"Governadores se re\u00fanem com presidente do STF para falar de arrecada\u00e7\u00e3o"},"content":{"rendered":"<p>Governadores eleitos e reeleitos se reuniram hoje (12) com a presidente do Supremo Tribunal Federal (STF), ministra Rosa Weber. A pauta do encontro foi a tramita\u00e7\u00e3o de processos na Corte que impactam na arrecada\u00e7\u00e3o de impostos estaduais.\u00a0<img decoding=\"async\" src=\"https:\/\/agenciabrasil.ebc.com.br\/ebc.png?id=1498177&amp;o=node\" \/><img decoding=\"async\" src=\"https:\/\/agenciabrasil.ebc.com.br\/ebc.gif?id=1498177&amp;o=node\" \/><\/p>\n<p>Durante a reuni\u00e3o, 15 governadores defenderam que a Corte julgue no plen\u00e1rio presencial a\u00e7\u00f5es que tratam do diferencial de al\u00edquota (Difal) do Imposto sobre Circula\u00e7\u00e3o de Mercadorias e Servi\u00e7os (ICMS), processos que podem derrubar a arrecada\u00e7\u00e3o dos estados.<\/p>\n<p>Em nota divulgada \u00e0 imprensa, o STF informou que a presidente se comprometeu em pedir destaque das a\u00e7\u00f5es no julgamento virtual e levar o caso para o plen\u00e1rio f\u00edsico, como foi defendido pelos governadores.<\/p>\n<p>Com a medida, o julgamento do Difal dever\u00e1 ficar suspenso at\u00e9 o ano que vem. A data de retomada n\u00e3o foi definida.<\/p>\n<p>Ap\u00f3s a reuni\u00e3o, o governador do Esp\u00edrito Santo, Renato Casagrande (PSB), disse que os estados perderam arrecada\u00e7\u00e3o com a redu\u00e7\u00e3o do ICMS sobre combust\u00edveis, energia el\u00e9trica e transportes.<\/p>\n<p>Casagrande tamb\u00e9m demonstrou preocupa\u00e7\u00e3o com o julgamento no STF sobre o Difal.<\/p>\n<p>&#8220;A ministra est\u00e1 compreendendo que a quantidade de governadores presentes aqui e os reeleitos mostra uma preocupa\u00e7\u00e3o federativa e ela pode encaminhar uma solu\u00e7\u00e3o que d\u00ea mais tempo de debate&#8221;, disse.<\/p>\n<p>O governador eleito da Bahia, Jer\u00f4nimo Rodrigues (PT), disse que, apesar de receber o estado com contas saneadas, h\u00e1 preocupa\u00e7\u00e3o com as receitas para 2023.<\/p>\n<p>&#8220;Todos n\u00f3s sabemos a import\u00e2ncia da receita do ICMS para os investimentos de nossos estados. \u00c9 praticamente a receita de maior porte&#8221;, concluiu.<\/p>\n<p><span style=\"font-weight: 400;\">Fonte: Ag\u00eancia Brasil <\/span><\/p>\n","protected":false},"excerpt":{"rendered":"<p>Governadores eleitos e reeleitos se reuniram hoje (12) com a presidente do Supremo Tribunal Federal (STF), ministra Rosa Weber. A pauta do encontro foi a tramita\u00e7\u00e3o de processos na Corte que impactam na arrecada\u00e7\u00e3o de impostos estaduais.\u00a0 Durante a reuni\u00e3o, 15 governadores defenderam que a Corte julgue no plen\u00e1rio presencial a\u00e7\u00f5es que tratam do diferencial [&hellip;]<\/p>\n","protected":false},"author":246,"featured_media":207683,"comment_status":"closed","ping_status":"closed","sticky":false,"template":"","format":"standard","meta":{"footnotes":""},"categories":[436,254,439],"tags":[],"class_list":["post-207682","post","type-post","status-publish","format-standard","has-post-thumbnail","hentry","category-destaque-da-semana","category-politica","category-ultima-hora"],"_links":{"self":[{"href":"https:\/\/diarioregionaldigital.com.br\/index.php?rest_route=\/wp\/v2\/posts\/207682","targetHints":{"allow":["GET"]}}],"collection":[{"href":"https:\/\/diarioregionaldigital.com.br\/index.php?rest_route=\/wp\/v2\/posts"}],"about":[{"href":"https:\/\/diarioregionaldigital.com.br\/index.php?rest_route=\/wp\/v2\/types\/post"}],"author":[{"embeddable":true,"href":"https:\/\/diarioregionaldigital.com.br\/index.php?rest_route=\/wp\/v2\/users\/246"}],"replies":[{"embeddable":true,"href":"https:\/\/diarioregionaldigital.com.br\/index.php?rest_route=%2Fwp%2Fv2%2Fcomments&post=207682"}],"version-history":[{"count":1,"href":"https:\/\/diarioregionaldigital.com.br\/index.php?rest_route=\/wp\/v2\/posts\/207682\/revisions"}],"predecessor-version":[{"id":207684,"href":"https:\/\/diarioregionaldigital.com.br\/index.php?rest_route=\/wp\/v2\/posts\/207682\/revisions\/207684"}],"wp:featuredmedia":[{"embeddable":true,"href":"https:\/\/diarioregionaldigital.com.br\/index.php?rest_route=\/wp\/v2\/media\/207683"}],"wp:attachment":[{"href":"https:\/\/diarioregionaldigital.com.br\/index.php?rest_route=%2Fwp%2Fv2%2Fmedia&parent=207682"}],"wp:term":[{"taxonomy":"category","embeddable":true,"href":"https:\/\/diarioregionaldigital.com.br\/index.php?rest_route=%2Fwp%2Fv2%2Fcategories&post=207682"},{"taxonomy":"post_tag","embeddable":true,"href":"https:\/\/diarioregionaldigital.com.br\/index.php?rest_route=%2Fwp%2Fv2%2Ftags&post=207682"}],"curies":[{"name":"wp","href":"https:\/\/api.w.org\/{rel}","templated":true}]}}